{"id":41223,"date":"2022-05-15T15:17:31","date_gmt":"2022-05-15T20:17:31","guid":{"rendered":"http:\/\/www.zonaroja.com.mx\/?p=41223"},"modified":"2022-05-15T15:17:35","modified_gmt":"2022-05-15T20:17:35","slug":"gobierno-no-atiende-retencion-por-mas-de-un-mes-pero-desaloja-con-violencia-a-reclamantes","status":"publish","type":"post","link":"https:\/\/zonaroja.com.mx\/?p=41223","title":{"rendered":"Gobierno no atiende retenci\u00f3n por m\u00e1s de un mes, pero desaloja con violencia a reclamantes"},"content":{"rendered":"\n<p>Yuridiana Sosa\/Zona Roja. Foto: Vivo Noticias.<\/p>\n\n\n\n<p>Oaxaca de Ju\u00e1rez, Oax., 15 de mayo de 2022.- La Secretar\u00eda General del gobierno de Oaxaca no atiende la petici\u00f3n de familiares de v\u00edctimas, que reclaman la liberaci\u00f3n de tres personas retenidas desde hace m\u00e1s de un mes en comunidad de San Mart\u00edn Peras, pero efectu\u00f3 anoche un desalojo violento en contra de quienes exigen justicia.<\/p>\n\n\n\n<p>De forma reiterada pobladores y autoridades de San Mart\u00edn Peras, en la regi\u00f3n Mixteca, han sufrido de retenciones por parte de su comunidad en este a\u00f1o, en la que ha sobresalido la pasiva actuaci\u00f3n de la Segego.<\/p>\n\n\n\n<p>De enero a la fecha se han registrado al menos tres hechos en los que se ha privado de su libertad a ciudadanos y autoridades e incluso hasta se ha cometido la retenci\u00f3n de pobladores de otras comunidades en territorio de Peras, todas escudadas en el r\u00e9gimen de Sistemas Normativos Internos.<\/p>\n\n\n\n<p>El atropello m\u00e1s reciente ocurri\u00f3 el pasado 7 de abril contra tres hombres, en la agencia de Cerro Hidalgo de dicho municipio mixteco, quienes a m\u00e1s de un mes siguen retenidos y sus familias a la espera de una efectiva intervenci\u00f3n del gobierno del estado.<\/p>\n\n\n\n<p>Bernardino P\u00e9rez Mendoza, Sergio Salvador L\u00f3pez y Filiberto Gracias Rivera est\u00e1n retenidos al ser sorprendidos fotografiando lugares p\u00fablicos y realizando pegas de una convocatoria del Comit\u00e9 Ciudadano de San Mart\u00edn Peras, sin permiso de la autoridad de Cerro Hidalgo.<\/p>\n\n\n\n<p>La libertad de los hombres depende de la Segego, que logr\u00f3 de forma tard\u00eda, casi dos semanas despu\u00e9s del hecho, una mesa de di\u00e1logo con las autoridades auxiliares, locales y familiares de las v\u00edctimas, sin que existan nuevos avances del caso.<\/p>\n\n\n\n<p>Uno de los planteamientos de las autoridades de Cerro Hidalgo en esa mesa de di\u00e1logo, para liberar a los tres hombres, fue su separaci\u00f3n oficial del municipio de San Mart\u00edn Peras para integrarse como poblaci\u00f3n de Coicoy\u00e1n de las Flores.<\/p>\n\n\n\n<p>PRESIONES<\/p>\n\n\n\n<p>Para tratar de liberar a sus vecinos y familiares, habitantes de San Mart\u00edn Peras, \u201ctomaron\u201d desde hace una semana la sede de la Vicefiscal\u00eda General del Estado de Oaxaca (FGEO) en Santiago Juxtlahuaca, en la regi\u00f3n Mixteca.<\/p>\n\n\n\n<figure class=\"wp-block-embed is-type-rich is-provider-twitter wp-block-embed-twitter\"><div class=\"wp-block-embed__wrapper\">\n<div class=\"twitter-tweet\"><blockquote class=\"twitter-tweet\" data-lang=\"es\"><p lang=\"es\" dir=\"ltr\"><a href=\"https:\/\/twitter.com\/hashtag\/%C3%9AltimoMinuto?src=hash&amp;ref_src=twsrc%5Etfw\">#\u00daltimoMinuto<\/a> <br>Con violencia, polic\u00edas desalojaron a pobladores de San Mart\u00edn Peras, que manten\u00edan una protesta desde hace una semana afuera de la sede de la Fiscal\u00eda General del Estado en Santiago Juxtlahuaca, para exigir la liberaci\u00f3n de tres retenidos desde hace un mes. <a href=\"https:\/\/t.co\/8CAbyEshVL\">pic.twitter.com\/8CAbyEshVL<\/a><\/p>&mdash; Zona Roja Oaxaca (@ZonaRoja_Oaxaca) <a href=\"https:\/\/twitter.com\/ZonaRoja_Oaxaca\/status\/1525922887458242560?ref_src=twsrc%5Etfw\">15 de mayo de 2022<\/a><\/blockquote><\/div>\n<\/div><\/figure>\n\n\n\n<p>Al no conseguir respuestas de la Segego para recuperar a los tres hombres retenidos desde el 7 de abril, los familiares y amigos de las v\u00edctimas recurrieron a acciones de protestas, en la que igualmente se registr\u00f3 la retenci\u00f3n de un trabajador en la dependencia.<\/p>\n\n\n\n<p>Pero ni con esa manifestaci\u00f3n la secretar\u00eda a cargo de Francisco Garc\u00eda, ofrece avances en el caso. En cambio, orden\u00f3 anoche un desalojo violento de los manifestantes en la sede de la Vicefiscal\u00eda, con saldo de varios lesionados.&nbsp;<\/p>\n\n\n\n<p>INTERVENCIONES SIN RESULTADO<\/p>\n\n\n\n<p>La Defensor\u00eda de los Derechos Humanos del Pueblo de Oaxaca abri\u00f3 el expediente de queja DDHPO\/003\/SJ\/(12)\/OAX\/2022, a trav\u00e9s del cual solicit\u00f3 la intervenci\u00f3n de distintas autoridades estatales.<\/p>\n\n\n\n<p>Tras ello, se inform\u00f3 que elementos de la Polic\u00eda Estatal intentaron resguardar a las v\u00edctimas, pero no lograron ingresar a la comunidad ante la oposici\u00f3n de los pobladores.<\/p>\n\n\n\n<p>OTROS HECHOS<\/p>\n\n\n\n<p>La aplicaci\u00f3n del \u201corden\u201d por cuenta propia por parte de los pobladores de San Mart\u00edn Peras se ha exaltado desde el inicio de este a\u00f1o.<\/p>\n\n\n\n<p>Primero, ocurri\u00f3 la retenci\u00f3n del presidente de San Mart\u00edn Peras, del distrito de Juxtlahuaca, Rom\u00e1n&nbsp;Ju\u00e1rez, por casi tres semanas, para exigirle cuentas de la aplicaci\u00f3n de recursos p\u00fablicos.<\/p>\n\n\n\n<p>Como parte de su protesta tambi\u00e9n se retuvieron a otras autoridades municipales y hasta integrantes de su familia.<\/p>\n\n\n\n<p>Esta manifestaci\u00f3n concluy\u00f3 con la renuncia del edil, a quien expusieron atado de pies y manos en manifestaciones en Ciudad Administrativa y en el Congreso del Estado para presionar a las autoridades estatales el cumplimiento de sus demandas.<\/p>\n\n\n\n<p>D\u00edas despu\u00e9s de la \u201cdetenci\u00f3n\u201d de Rom\u00e1n Ju\u00e1rez, tres integrantes del Comisariado de Bienes Comunales de Coicoy\u00e1n de las Flores fueron privados de su libertad por habitantes pertenecientes a San Mart\u00edn Peras, presuntamente por invadir predios.<\/p>\n\n\n\n<p>Las enemistades de San Mart\u00edn Peras con diversas comunidades tambi\u00e9n gener\u00f3 en julio de 2020 la retenci\u00f3n de 12 pobladores y polic\u00edas municipales por parte de la comunidad vecina de Santos Reyes Zochiquilazala, de Santiago Juxtlahuaca.<\/p>\n\n\n\n<p>El Gobierno del Estado a trav\u00e9s de la Secretar\u00eda General de Gobierno, y su titular Francisco Garc\u00eda, ha sido se\u00f1alado en diversas ocasiones de su responsabilidad por omisi\u00f3n en estos actos, pues previo a estas acciones existen llamados o signos de alertas sobre las complicaciones en las comunidades, las cuales pasa por alto.&nbsp;<\/p>\n","protected":false},"excerpt":{"rendered":"<p>Yuridiana Sosa\/Zona Roja. Foto: Vivo Noticias. Oaxaca de Ju\u00e1rez, Oax., 15 de mayo de 2022.-&hellip;<\/p>\n","protected":false},"author":2,"featured_media":41224,"comment_status":"closed","ping_status":"open","sticky":false,"template":"","format":"standard","meta":{"_lmt_disableupdate":"","_lmt_disable":"","_jetpack_memberships_contains_paid_content":false,"footnotes":""},"categories":[109,47],"tags":[],"class_list":["post-41223","post","type-post","status-publish","format-standard","has-post-thumbnail","hentry","category-minuto-a-minuto","category-zona-gris"],"jetpack_featured_media_url":"https:\/\/zonaroja.com.mx\/wp-content\/uploads\/2022\/05\/Retenidos-San-Martin-Peras-Cerro-Hidalgo-Oaxaca.jpeg","jetpack_sharing_enabled":true,"_links":{"self":[{"href":"https:\/\/zonaroja.com.mx\/index.php?rest_route=\/wp\/v2\/posts\/41223","targetHints":{"allow":["GET"]}}],"collection":[{"href":"https:\/\/zonaroja.com.mx\/index.php?rest_route=\/wp\/v2\/posts"}],"about":[{"href":"https:\/\/zonaroja.com.mx\/index.php?rest_route=\/wp\/v2\/types\/post"}],"author":[{"embeddable":true,"href":"https:\/\/zonaroja.com.mx\/index.php?rest_route=\/wp\/v2\/users\/2"}],"replies":[{"embeddable":true,"href":"https:\/\/zonaroja.com.mx\/index.php?rest_route=%2Fwp%2Fv2%2Fcomments&post=41223"}],"version-history":[{"count":1,"href":"https:\/\/zonaroja.com.mx\/index.php?rest_route=\/wp\/v2\/posts\/41223\/revisions"}],"predecessor-version":[{"id":41225,"href":"https:\/\/zonaroja.com.mx\/index.php?rest_route=\/wp\/v2\/posts\/41223\/revisions\/41225"}],"wp:featuredmedia":[{"embeddable":true,"href":"https:\/\/zonaroja.com.mx\/index.php?rest_route=\/wp\/v2\/media\/41224"}],"wp:attachment":[{"href":"https:\/\/zonaroja.com.mx\/index.php?rest_route=%2Fwp%2Fv2%2Fmedia&parent=41223"}],"wp:term":[{"taxonomy":"category","embeddable":true,"href":"https:\/\/zonaroja.com.mx\/index.php?rest_route=%2Fwp%2Fv2%2Fcategories&post=41223"},{"taxonomy":"post_tag","embeddable":true,"href":"https:\/\/zonaroja.com.mx\/index.php?rest_route=%2Fwp%2Fv2%2Ftags&post=41223"}],"curies":[{"name":"wp","href":"https:\/\/api.w.org\/{rel}","templated":true}]}}