{"id":41239,"date":"2022-05-15T22:11:22","date_gmt":"2022-05-16T03:11:22","guid":{"rendered":"http:\/\/www.zonaroja.com.mx\/?p=41239"},"modified":"2022-05-15T22:11:27","modified_gmt":"2022-05-16T03:11:27","slug":"asegura-salomon-jara-que-gano-el-debate-entre-candidatos","status":"publish","type":"post","link":"https:\/\/zonaroja.com.mx\/?p=41239","title":{"rendered":"Asegura Salom\u00f3n Jara que gan\u00f3 el debate entre candidatos"},"content":{"rendered":"\n<p>Redacci\u00f3n\/Zona Roja.<\/p>\n\n\n\n<p>Oaxaca de Ju\u00e1rez, Oax., 15 de mayo de 2022.- Con propuestas reales, que atienden cada uno de los rubros y sectores de la entidad, Salom\u00f3n Jara Cruz candidato a la gubernatura por la coalici\u00f3n pol\u00edtica \u201cJuntos Hacemos Historia en Oaxaca\u201d conformada por los partidos Morena, PT, PUP y Verde Ecologista, fue el triunfador del debate p\u00fablico organizado por la autoridad electoral local.<\/p>\n\n\n\n<p>En contraste con las calumnias de quienes organizados representan m\u00e1s de lo mismo, el abanderado de la esperanza asegur\u00f3 que en este ejercicio de confrontaci\u00f3n de ideas es una oportunidad de suma importancia para que el electorado oaxaque\u00f1o est\u00e9 bien informado sobre los planteamientos de cada candidatura, y as\u00ed analicen responsable y cr\u00edticamente cada proyecto pol\u00edtico.<\/p>\n\n\n\n<p>\u201cEn este debate nos propusimos y logramos estar a la altura de lo que demanda el pueblo de Oaxaca, por eso se trat\u00f3 de un debate de propuestas, proposiciones reales, congruentes y principalmente que atiendan las demandas m\u00e1s justas de las poblaciones\u201d, asegur\u00f3 Jara Cruz.<\/p>\n\n\n\n<p>\u201cAl menos en el proyecto de la Cuarta Transformaci\u00f3n que conformamos los partidos Morena, PUP, PT y Verde Ecologista, no hubo cabida a las calumnias, ni a la guerra sucia, eso lo hicieron los mismos del pasado que el mismo pueblo observo, se unieron para denostar a este movimiento que viene desde abajo, del mismo pueblo\u201d, se\u00f1al\u00f3.<\/p>\n\n\n\n<figure class=\"wp-block-embed is-type-rich is-provider-twitter wp-block-embed-twitter\"><div class=\"wp-block-embed__wrapper\">\n<div class=\"twitter-tweet\"><blockquote class=\"twitter-tweet\" data-lang=\"es\"><p lang=\"es\" dir=\"ltr\">\u00a1Gracias a las y los oaxaque\u00f1os que conf\u00edan en este proyecto de transformaci\u00f3n! Hoy gan\u00f3 el pueblo de <a href=\"https:\/\/twitter.com\/hashtag\/Oaxaca?src=hash&amp;ref_src=twsrc%5Etfw\">#Oaxaca<\/a>. <a href=\"https:\/\/twitter.com\/hashtag\/DebateOaxaca2022?src=hash&amp;ref_src=twsrc%5Etfw\">#DebateOaxaca2022<\/a><a href=\"https:\/\/twitter.com\/hashtag\/OaxacaConSalom%C3%B3n?src=hash&amp;ref_src=twsrc%5Etfw\">#OaxacaConSalom\u00f3n<\/a> <a href=\"https:\/\/twitter.com\/hashtag\/PrimaveraOaxaque%C3%B1a?src=hash&amp;ref_src=twsrc%5Etfw\">#PrimaveraOaxaque\u00f1a<\/a> <a href=\"https:\/\/t.co\/Vm8r7akIN3\">pic.twitter.com\/Vm8r7akIN3<\/a><\/p>&mdash; Salom\u00f3n Jara Cruz (@salomonj) <a href=\"https:\/\/twitter.com\/salomonj\/status\/1526027888214036481?ref_src=twsrc%5Etfw\">16 de mayo de 2022<\/a><\/blockquote><\/div>\n<\/div><\/figure>\n\n\n\n<p>En contraste, el abanderado del cambio verdadero realiz\u00f3 propuestas reales, asumi\u00f3 un papel que responde a lo que la entidad y sus regiones necesitan; resultados, honestidad y cero tolerancia a la corrupci\u00f3n. \u201cPor eso les preocupa tanto a los mismos de siempre, porque saben que ya se van a terminar sus privilegios\u201d, asever\u00f3.<\/p>\n\n\n\n<p>Jara Cruz reiter\u00f3 su compromiso de combatir la violencia contra las mujeres, a trav\u00e9s de poder garantizarles su participaci\u00f3n en puestos de toma de decisiones, por lo que se comprometi\u00f3 a conformar un gabinete paritario.<\/p>\n\n\n\n<p>Asimismo, dijo que la atenci\u00f3n a la declaratoria de la Alerta por Violencia de G\u00e9nero en las municipalidades de Oaxaca ser\u00e1 un eje primordial que atender\u00e1 su gobierno.<\/p>\n\n\n\n<p>Al respecto Jara Cruz detall\u00f3 que todas sus acciones de gobierno est\u00e1n enmarcadas en la transversalidad de g\u00e9nero, mediante propuestas afirmativas espec\u00edficas de atenci\u00f3n a las mujeres.<\/p>\n\n\n\n<p>Adem\u00e1s, para evitar que los indices de migraci\u00f3n se mantengan en niveles altos, y que los oaxaque\u00f1os abandonen sus familias y pueblos en busca de una mejor calidad de vida, anunci\u00f3 la aplicaci\u00f3n de empleos temporales mediante acciones de reforestacion en toda la entidad.<\/p>\n\n\n\n<p>Reiter\u00f3 a la poblaci\u00f3n oaxaque\u00f1a que, este 5 de junio s\u00f3lo existen dos opciones por las cuales votar, la de los otros que son la continuidad de la corrupci\u00f3n y la de la transformaci\u00f3n de la entidad, encabezado por un gobierno que emane y camine con el pueblo, una administraci\u00f3n p\u00fablica honesta, austera y cercana a la gente.<\/p>\n","protected":false},"excerpt":{"rendered":"<p>Redacci\u00f3n\/Zona Roja. Oaxaca de Ju\u00e1rez, Oax., 15 de mayo de 2022.- Con propuestas reales, que&hellip;<\/p>\n","protected":false},"author":2,"featured_media":41240,"comment_status":"closed","ping_status":"open","sticky":false,"template":"","format":"standard","meta":{"_lmt_disableupdate":"","_lmt_disable":"","_jetpack_memberships_contains_paid_content":false,"footnotes":""},"categories":[109,46],"tags":[939],"class_list":["post-41239","post","type-post","status-publish","format-standard","has-post-thumbnail","hentry","category-minuto-a-minuto","category-zona-blanca","tag-salomon-jara-cruz"],"jetpack_featured_media_url":"https:\/\/zonaroja.com.mx\/wp-content\/uploads\/2022\/05\/Salomon-Jara-debate.jpg","jetpack_sharing_enabled":true,"_links":{"self":[{"href":"https:\/\/zonaroja.com.mx\/index.php?rest_route=\/wp\/v2\/posts\/41239","targetHints":{"allow":["GET"]}}],"collection":[{"href":"https:\/\/zonaroja.com.mx\/index.php?rest_route=\/wp\/v2\/posts"}],"about":[{"href":"https:\/\/zonaroja.com.mx\/index.php?rest_route=\/wp\/v2\/types\/post"}],"author":[{"embeddable":true,"href":"https:\/\/zonaroja.com.mx\/index.php?rest_route=\/wp\/v2\/users\/2"}],"replies":[{"embeddable":true,"href":"https:\/\/zonaroja.com.mx\/index.php?rest_route=%2Fwp%2Fv2%2Fcomments&post=41239"}],"version-history":[{"count":1,"href":"https:\/\/zonaroja.com.mx\/index.php?rest_route=\/wp\/v2\/posts\/41239\/revisions"}],"predecessor-version":[{"id":41241,"href":"https:\/\/zonaroja.com.mx\/index.php?rest_route=\/wp\/v2\/posts\/41239\/revisions\/41241"}],"wp:featuredmedia":[{"embeddable":true,"href":"https:\/\/zonaroja.com.mx\/index.php?rest_route=\/wp\/v2\/media\/41240"}],"wp:attachment":[{"href":"https:\/\/zonaroja.com.mx\/index.php?rest_route=%2Fwp%2Fv2%2Fmedia&parent=41239"}],"wp:term":[{"taxonomy":"category","embeddable":true,"href":"https:\/\/zonaroja.com.mx\/index.php?rest_route=%2Fwp%2Fv2%2Fcategories&post=41239"},{"taxonomy":"post_tag","embeddable":true,"href":"https:\/\/zonaroja.com.mx\/index.php?rest_route=%2Fwp%2Fv2%2Ftags&post=41239"}],"curies":[{"name":"wp","href":"https:\/\/api.w.org\/{rel}","templated":true}]}}