{"id":41242,"date":"2022-05-15T22:15:25","date_gmt":"2022-05-16T03:15:25","guid":{"rendered":"http:\/\/www.zonaroja.com.mx\/?p=41242"},"modified":"2022-05-15T22:15:28","modified_gmt":"2022-05-16T03:15:28","slug":"aviles-ganamos-el-debate-ganaremos-la-eleccion","status":"publish","type":"post","link":"https:\/\/zonaroja.com.mx\/?p=41242","title":{"rendered":"Avil\u00e9s: \u00abGanamos el debate, ganaremos la elecci\u00f3n\u201d"},"content":{"rendered":"\n<p>Redacci\u00f3n\/Zona Roja.<\/p>\n\n\n\n<p>Oaxaca de Ju\u00e1rez, Oax., 15 de mayo de 2022. El candidato com\u00fan del PRI-PRD, Alejandro Avil\u00e9s \u00c1lvarez, sostuvo categ\u00f3ricamente que sus propuestas triunfaron en los tres temas que se abordaron en el debate de candidatos a la gubernatura de Oaxaca, toda vez que entre sus compromisos expuestos se encuentra representado el sentir de las y los oaxaque\u00f1os, que quieren un mejor Oaxaca durante los pr\u00f3ximos seis a\u00f1os.&nbsp;<\/p>\n\n\n\n<p>\u201cEn esta elecci\u00f3n est\u00e1 en juego el futuro de Oaxaca, s\u00e9 que cuento contigo y con tu voto para avanzar hacia la ruta del progreso y desarrollo para Oaxaca\u201d, expres\u00f3 el abanderado priista durante su intervenci\u00f3n en el ejercicio democr\u00e1tico para la presentaci\u00f3n de propuestas de campa\u00f1a, organizado por el Instituto Estatal Electoral y de Participaci\u00f3n de Oaxaca (IEEPCO).&nbsp;<\/p>\n\n\n\n<p>En el rubro de Derechos Ind\u00edgenas y Afromexicanos, el \u201cTriple A\u201d mencion\u00f3 que designar\u00e1 un presupuesto justo que permitir\u00e1 fortalecer la Secretar\u00eda de Pueblos Ind\u00edgenas y Afromexicanos, para que tenga capacidad t\u00e9cnica y ejecutiva para la realizaci\u00f3n de obras p\u00fablicas y de infraestructura en el estado, con el apoyo de un gabinete paritario.&nbsp;<\/p>\n\n\n\n<p>\u201cInvertiremos en programas comunitarios y crearemos programas de subsidios del 30 por ciento en el pago de luz y gas LP para viviendas de alta y muy alta marginaci\u00f3n. Luchar\u00e9 por el reconocimiento y respeto de las tradiciones y costumbres de los pueblos ind\u00edgenas y afromexicanos, para preservar su cultura, lengua y tradiciones\u201d, expres\u00f3.<\/p>\n\n\n\n<p>De igual manera, Alejandro Avil\u00e9s recalc\u00f3 que en su gobierno se pondr\u00e1 fin a los matrimonios forzados, y se aplicar\u00e1 un recurso especial para el pago de int\u00e9rpretes y traductores en todos los espacios de impartici\u00f3n de justicia para que nunca m\u00e1s exista un ind\u00edgena preso en Oaxaca.&nbsp;<\/p>\n\n\n\n<p>\u201cMi gobierno incorporar\u00e1 las voces de las y los ind\u00edgenas como nadie lo ha hecho, porque estoy convencido que la construcci\u00f3n de un mejor Oaxaca se realiza siempre con la participaci\u00f3n de las ideas de todas y todos\u201d, sostuvo.\u00a0<\/p>\n\n\n\n<figure class=\"wp-block-embed is-type-rich is-provider-twitter wp-block-embed-twitter\"><div class=\"wp-block-embed__wrapper\">\n<div class=\"twitter-tweet\"><blockquote class=\"twitter-tweet\" data-lang=\"es\"><p lang=\"es\" dir=\"ltr\">Hoy Oaxaca tiene 2 caminos: uno, el de los malos gobiernos como el de Gabino Cu\u00e9 representado por Salom\u00f3n Jara; y el otro que yo represento, en el que las mujeres y los hombres trabajaremos al triple por un Oaxaca pr\u00f3spero, seguro y en paz. <a href=\"https:\/\/twitter.com\/hashtag\/DebateOaxaca2022?src=hash&amp;ref_src=twsrc%5Etfw\">#DebateOaxaca2022<\/a> <a href=\"https:\/\/twitter.com\/hashtag\/GobernadorAlTriple?src=hash&amp;ref_src=twsrc%5Etfw\">#GobernadorAlTriple<\/a> <a href=\"https:\/\/t.co\/z2giiG9i8O\">pic.twitter.com\/z2giiG9i8O<\/a><\/p>&mdash; Alejandro Avil\u00e9s \u00c1lvarez (@_AvilesAlvarez) <a href=\"https:\/\/twitter.com\/_AvilesAlvarez\/status\/1525986682008391680?ref_src=twsrc%5Etfw\">15 de mayo de 2022<\/a><\/blockquote><\/div>\n<\/div><\/figure>\n\n\n\n<p>En tanto, en lo correspondiente al tema de Migraci\u00f3n, Alejandro Avil\u00e9s dio a conocer que para frenar este fen\u00f3meno, centrar\u00e1 su agenda de gobierno en la econom\u00eda para que a todas las familias les alcance el dinero y se mantengan unidas con oportunidades en su propia tierra.<\/p>\n\n\n\n<p>\u201cCon la tripleta vamos a garantizar que el dinero les alcance m\u00e1s a las familias con el 30 por ciento en gas, luz e internet con becas para los hijos de madres trabajadoras, con la reactivaci\u00f3n del programa \u00fatiles escolares\u201d, agreg\u00f3.&nbsp;<\/p>\n\n\n\n<p>El candidato tricolor afirm\u00f3 los migrantes oaxaque\u00f1os son un orgullo para el estado y son una muestra del talento colectivo. \u201cRelanzaremos el programa \u201c3 x 1 Migrante\u201d para fortalecer a sus comunidades de origen con programas sociales e infraestructura, tambi\u00e9n continuaremos con la reunificaci\u00f3n familiar a trav\u00e9s de la realizaci\u00f3n de viajes que permitan el encuentro con las familias oaxaque\u00f1as que se han separado a causa de la migraci\u00f3n, y vamos ampliar el programa Guelaguetza familiar\u201d, indic\u00f3.&nbsp;<\/p>\n\n\n\n<p>En lo que respecta a lucha contra el Combate a la Corrupci\u00f3n y Transparencia, Alejandro Avil\u00e9s asegur\u00f3 que su gobierno contar\u00e1 con dos grandes pilares constituidos en un Consejo Consultivo, integrado por ciudadanas y ciudadanos de distintos sectores civiles y la academia, as\u00ed como la Contralor\u00eda Social vigilar\u00e1 que cada peso de los oaxaque\u00f1os sea invertido de forma eficiente, honesta y transparente.<\/p>\n\n\n\n<p>\u201cEl Consejo Consultivo ser\u00e1 incluyente y dise\u00f1ar\u00e1 el programa de gobierno y las pol\u00edticas p\u00fablicas para todas las \u00e1reas de gobierno, para que se eval\u00faen los resultados; mientras que la Contralor\u00eda Social vigilar\u00e1 todos los procesos vinculados al presupuesto al gobierno del estado, los pagos a proveedores y las licitaciones p\u00fablicas, de tal manera que la rendici\u00f3n de cuentas y la transparencia sea un ejercicio cotidiano y permita construir un gobierno honesto son los dos grandes pilares\u201d, abund\u00f3.&nbsp;<\/p>\n\n\n\n<p>Finalmente, el \u201cTriple A\u201d inform\u00f3 que incluir\u00e1 a un n\u00famero importante de mujeres en el Sistema de Justicia Penal, con la incorporaci\u00f3n de jueces, agentes de ministerio p\u00fablico y polic\u00edas que cuiden a las oaxaque\u00f1as apoyadas con un marco legal y de supervisi\u00f3n con el que se vigilar\u00e1 con lupa cada una de las actividades de las y los funcionarios p\u00fablicos para garantizar un buen gobierno con resultados y transparencia.<\/p>\n","protected":false},"excerpt":{"rendered":"<p>Redacci\u00f3n\/Zona Roja. Oaxaca de Ju\u00e1rez, Oax., 15 de mayo de 2022. El candidato com\u00fan del&hellip;<\/p>\n","protected":false},"author":2,"featured_media":41243,"comment_status":"closed","ping_status":"open","sticky":false,"template":"","format":"standard","meta":{"_lmt_disableupdate":"","_lmt_disable":"","_jetpack_memberships_contains_paid_content":false,"footnotes":""},"categories":[109,46],"tags":[316],"class_list":["post-41242","post","type-post","status-publish","format-standard","has-post-thumbnail","hentry","category-minuto-a-minuto","category-zona-blanca","tag-alejandro-aviles-alvarez"],"jetpack_featured_media_url":"https:\/\/zonaroja.com.mx\/wp-content\/uploads\/2022\/05\/Alejandro-Aviles-debate.jpg","jetpack_sharing_enabled":true,"_links":{"self":[{"href":"https:\/\/zonaroja.com.mx\/index.php?rest_route=\/wp\/v2\/posts\/41242","targetHints":{"allow":["GET"]}}],"collection":[{"href":"https:\/\/zonaroja.com.mx\/index.php?rest_route=\/wp\/v2\/posts"}],"about":[{"href":"https:\/\/zonaroja.com.mx\/index.php?rest_route=\/wp\/v2\/types\/post"}],"author":[{"embeddable":true,"href":"https:\/\/zonaroja.com.mx\/index.php?rest_route=\/wp\/v2\/users\/2"}],"replies":[{"embeddable":true,"href":"https:\/\/zonaroja.com.mx\/index.php?rest_route=%2Fwp%2Fv2%2Fcomments&post=41242"}],"version-history":[{"count":1,"href":"https:\/\/zonaroja.com.mx\/index.php?rest_route=\/wp\/v2\/posts\/41242\/revisions"}],"predecessor-version":[{"id":41244,"href":"https:\/\/zonaroja.com.mx\/index.php?rest_route=\/wp\/v2\/posts\/41242\/revisions\/41244"}],"wp:featuredmedia":[{"embeddable":true,"href":"https:\/\/zonaroja.com.mx\/index.php?rest_route=\/wp\/v2\/media\/41243"}],"wp:attachment":[{"href":"https:\/\/zonaroja.com.mx\/index.php?rest_route=%2Fwp%2Fv2%2Fmedia&parent=41242"}],"wp:term":[{"taxonomy":"category","embeddable":true,"href":"https:\/\/zonaroja.com.mx\/index.php?rest_route=%2Fwp%2Fv2%2Fcategories&post=41242"},{"taxonomy":"post_tag","embeddable":true,"href":"https:\/\/zonaroja.com.mx\/index.php?rest_route=%2Fwp%2Fv2%2Ftags&post=41242"}],"curies":[{"name":"wp","href":"https:\/\/api.w.org\/{rel}","templated":true}]}}