{"id":41245,"date":"2022-05-16T07:25:03","date_gmt":"2022-05-16T12:25:03","guid":{"rendered":"http:\/\/www.zonaroja.com.mx\/?p=41245"},"modified":"2022-05-16T07:25:08","modified_gmt":"2022-05-16T12:25:08","slug":"ahorcan-con-cable-y-asesinan-a-estudiante-en-san-jacinto-amilpas-oaxaca","status":"publish","type":"post","link":"https:\/\/zonaroja.com.mx\/?p=41245","title":{"rendered":"Ahorcan con cable y asesinan a estudiante en San Jacinto Amilpas, Oaxaca"},"content":{"rendered":"\n<p>Redacci\u00f3n\/Zona Roja.<\/p>\n\n\n\n<p>Oaxaca de Ju\u00e1rez, Oax., 16 de mayo de 2022.- Un joven estudiante de aproximadamente 18 a\u00f1os de edad, fue asesinado ayer con arma blanca y tambi\u00e9n estrangulado con un cable, en un domicilio de San Jacinto Amilpas, municipio conurbado a la ciudad de Oaxaca.<\/p>\n\n\n\n<p>De acuerdo con reportes policiacos, fue en una vivienda marcada con el n\u00famero 28, Manzana 2 del fraccionamiento Real San Jacinto, en que ocurri\u00f3 el crimen en contra del alumno del Instituto Tecnol\u00f3gico de Oaxaca, identificado como David \u201cN\u201d.<\/p>\n\n\n\n<p>Presuntamente el joven conviv\u00eda con algunos de sus compa\u00f1eros y consum\u00edan adem\u00e1s bebidas embriagantes. Al calor de las compas inici\u00f3 una ri\u00f1a, que culmin\u00f3 con el asesinato a pu\u00f1aladas del estudiante, adem\u00e1s de que lo ahorcaron con un cable de energ\u00eda el\u00e9ctrica.<\/p>\n\n\n\n<p>Personal de la Fiscal\u00eda General del Estado de Oaxaca arrib\u00f3 al sitio con la finalidad de iniciar las indagatorias y dar con el o los responsables del homicidio.<\/p>\n","protected":false},"excerpt":{"rendered":"<p>Redacci\u00f3n\/Zona Roja. Oaxaca de Ju\u00e1rez, Oax., 16 de mayo de 2022.- Un joven estudiante de&hellip;<\/p>\n","protected":false},"author":2,"featured_media":41246,"comment_status":"closed","ping_status":"open","sticky":false,"template":"","format":"standard","meta":{"_lmt_disableupdate":"","_lmt_disable":"","_jetpack_memberships_contains_paid_content":false,"footnotes":""},"categories":[109,51],"tags":[77],"class_list":["post-41245","post","type-post","status-publish","format-standard","has-post-thumbnail","hentry","category-minuto-a-minuto","category-zona-roja","tag-san-jacinto-amilpas"],"jetpack_featured_media_url":"https:\/\/zonaroja.com.mx\/wp-content\/uploads\/2022\/05\/Asesinado-San-Jacinto-Amilpas.jpg","jetpack_sharing_enabled":true,"_links":{"self":[{"href":"https:\/\/zonaroja.com.mx\/index.php?rest_route=\/wp\/v2\/posts\/41245","targetHints":{"allow":["GET"]}}],"collection":[{"href":"https:\/\/zonaroja.com.mx\/index.php?rest_route=\/wp\/v2\/posts"}],"about":[{"href":"https:\/\/zonaroja.com.mx\/index.php?rest_route=\/wp\/v2\/types\/post"}],"author":[{"embeddable":true,"href":"https:\/\/zonaroja.com.mx\/index.php?rest_route=\/wp\/v2\/users\/2"}],"replies":[{"embeddable":true,"href":"https:\/\/zonaroja.com.mx\/index.php?rest_route=%2Fwp%2Fv2%2Fcomments&post=41245"}],"version-history":[{"count":1,"href":"https:\/\/zonaroja.com.mx\/index.php?rest_route=\/wp\/v2\/posts\/41245\/revisions"}],"predecessor-version":[{"id":41247,"href":"https:\/\/zonaroja.com.mx\/index.php?rest_route=\/wp\/v2\/posts\/41245\/revisions\/41247"}],"wp:featuredmedia":[{"embeddable":true,"href":"https:\/\/zonaroja.com.mx\/index.php?rest_route=\/wp\/v2\/media\/41246"}],"wp:attachment":[{"href":"https:\/\/zonaroja.com.mx\/index.php?rest_route=%2Fwp%2Fv2%2Fmedia&parent=41245"}],"wp:term":[{"taxonomy":"category","embeddable":true,"href":"https:\/\/zonaroja.com.mx\/index.php?rest_route=%2Fwp%2Fv2%2Fcategories&post=41245"},{"taxonomy":"post_tag","embeddable":true,"href":"https:\/\/zonaroja.com.mx\/index.php?rest_route=%2Fwp%2Fv2%2Ftags&post=41245"}],"curies":[{"name":"wp","href":"https:\/\/api.w.org\/{rel}","templated":true}]}}