{"id":41259,"date":"2022-05-16T16:27:50","date_gmt":"2022-05-16T21:27:50","guid":{"rendered":"https:\/\/www.zonaroja.com.mx\/?p=41259"},"modified":"2022-05-16T16:27:52","modified_gmt":"2022-05-16T21:27:52","slug":"mas-policias-mujeres-para-mujeres-seguras-en-oaxaca-propone-aviles","status":"publish","type":"post","link":"https:\/\/zonaroja.com.mx\/?p=41259","title":{"rendered":"M\u00e1s polic\u00edas mujeres para mujeres seguras en Oaxaca, propone Avil\u00e9s"},"content":{"rendered":"\n<p>Yuridiana Sosa\/Zona Roja.<\/p>\n\n\n\n<p>Oaxaca de Ju\u00e1rez, OAx., 16 de mayo de 2022.- Para fortalecer la seguridad a favor de las mujeres, el candidato com\u00fan del PRI-PRD para gobernador de Oaxaca, Alejandro Avil\u00e9s \u00c1lvarez, propone la conformaci\u00f3n de un equipo especial de mujeres polic\u00edas para la atenci\u00f3n de las oaxaque\u00f1as.&nbsp;<\/p>\n\n\n\n<p>Se trata del plan \u201cFuerza guerrera\u201d, para que las oaxaque\u00f1as- ni\u00f1as, adolescentes, j\u00f3venes y adultas- vivan m\u00e1s seguras y sin violencia, a trav\u00e9s del cual el gobierno estatal conformar\u00e1 un grupo policial de mujeres en un modelo de proximidad.<\/p>\n\n\n\n<p>\u201cSer\u00e1n mujeres capacitadas, fuertes y valientes que den tranquilidad y seguridad a ni\u00f1as y mujeres. El sello de mi gobierno ser\u00e1n programas que trasciendan en la vida de los que m\u00e1s necesitan\u201d, destac\u00f3 el aspirante a gobernador durante la conferencia semanal de&nbsp;este lunes.<\/p>\n\n\n\n<p>A casi tres semanas de la jornada del&nbsp;5 de junio, \u201cTriple AAA\u201d, record\u00f3 que este planteamiento como estrategia de gobierno se suma al conjunto de 60 propuestas que ha destacado en su campa\u00f1a a favor de las familias oaxaque\u00f1as en sus diferentes \u00e1mbitos.&nbsp;<\/p>\n\n\n\n<p>Pues, dijo, en su plan de gobierno ponen en el centro la lucha de las mujeres.<\/p>\n\n\n\n<figure class=\"wp-block-embed is-type-rich is-provider-twitter wp-block-embed-twitter\"><div class=\"wp-block-embed__wrapper\">\n<div class=\"twitter-tweet\"><blockquote class=\"twitter-tweet\" data-lang=\"es\"><p lang=\"es\" dir=\"ltr\"><a href=\"https:\/\/twitter.com\/hashtag\/EleccionesOaxaca2022?src=hash&amp;ref_src=twsrc%5Etfw\">#EleccionesOaxaca2022<\/a> <br>En la conferencia, <a href=\"https:\/\/twitter.com\/marianabenitezt?ref_src=twsrc%5Etfw\">@marianabenitezt<\/a>, vocera de la campa\u00f1a del candidato a gobernador de <a href=\"https:\/\/twitter.com\/hashtag\/Oaxaca?src=hash&amp;ref_src=twsrc%5Etfw\">#Oaxaca<\/a>, destac\u00f3 que <a href=\"https:\/\/twitter.com\/_AvilesAlvarez?ref_src=twsrc%5Etfw\">@_AvilesAlvarez<\/a> present\u00f3 propuestas durante el debate de ayer, que gan\u00f3 al lograr mayor simpat\u00eda ciudadana. <a href=\"https:\/\/t.co\/s6s0uxtiFg\">pic.twitter.com\/s6s0uxtiFg<\/a><\/p>&mdash; Zona Roja Oaxaca (@ZonaRoja_Oaxaca) <a href=\"https:\/\/twitter.com\/ZonaRoja_Oaxaca\/status\/1526240526609141760?ref_src=twsrc%5Etfw\">16 de mayo de 2022<\/a><\/blockquote><\/div>\n<\/div><\/figure>\n\n\n\n<p>GAN\u00d3 EL DEBATE CON PROPUESTAS<\/p>\n\n\n\n<p>Durante su encuentro con los medios, un d\u00eda despu\u00e9s del debate a gobernadores de Oaxaca, Avil\u00e9s \u00c1lvarez destac\u00f3 que fue por medio de propuestas como gan\u00f3 este ejercicio, en el que demostr\u00f3 a la poblaci\u00f3n que tiene el mejor plan de gobierno.<\/p>\n\n\n\n<p>\u201cAyer demostramos que vamos por buen rumbo y tenemos todas las ganas. Salom\u00f3n (Jara Cruz de Morena) elimin\u00f3 las estancias infantiles, no tiene propuestas y as\u00ed lo demostr\u00f3 en el debate. Y el presidente Andr\u00e9s Manuel \u2013L\u00f3pez Obrador- seguir\u00e1 apoyando a Oaxaca cuando yo sea gobernador\u201d, asegur\u00f3.<\/p>\n\n\n\n<p>Las propuestas que presenta a la ciudadan\u00eda provienen de foros con ciudadanos, lo que las hace reales, destac\u00f3.<\/p>\n\n\n\n<p>Al encuentro con medios de comunicaci\u00f3n acompa\u00f1aron al candidato, el presidente del PRI de Oaxaca, Javier Villaca\u00f1a Jim\u00e9nez, y la vocera de la campa\u00f1a, la diputada Mariana Ben\u00edtez Tiburcio. <\/p>\n","protected":false},"excerpt":{"rendered":"<p>Yuridiana Sosa\/Zona Roja. Oaxaca de Ju\u00e1rez, OAx., 16 de mayo de 2022.- Para fortalecer la&hellip;<\/p>\n","protected":false},"author":2,"featured_media":41261,"comment_status":"closed","ping_status":"open","sticky":false,"template":"","format":"standard","meta":{"_lmt_disableupdate":"","_lmt_disable":"","_jetpack_memberships_contains_paid_content":false,"footnotes":""},"categories":[109,46],"tags":[316],"class_list":["post-41259","post","type-post","status-publish","format-standard","has-post-thumbnail","hentry","category-minuto-a-minuto","category-zona-blanca","tag-alejandro-aviles-alvarez"],"jetpack_featured_media_url":"https:\/\/zonaroja.com.mx\/wp-content\/uploads\/2022\/05\/Conferencia-de-prensa-Alejandro-Aviles-.jpg","jetpack_sharing_enabled":true,"_links":{"self":[{"href":"https:\/\/zonaroja.com.mx\/index.php?rest_route=\/wp\/v2\/posts\/41259","targetHints":{"allow":["GET"]}}],"collection":[{"href":"https:\/\/zonaroja.com.mx\/index.php?rest_route=\/wp\/v2\/posts"}],"about":[{"href":"https:\/\/zonaroja.com.mx\/index.php?rest_route=\/wp\/v2\/types\/post"}],"author":[{"embeddable":true,"href":"https:\/\/zonaroja.com.mx\/index.php?rest_route=\/wp\/v2\/users\/2"}],"replies":[{"embeddable":true,"href":"https:\/\/zonaroja.com.mx\/index.php?rest_route=%2Fwp%2Fv2%2Fcomments&post=41259"}],"version-history":[{"count":2,"href":"https:\/\/zonaroja.com.mx\/index.php?rest_route=\/wp\/v2\/posts\/41259\/revisions"}],"predecessor-version":[{"id":41262,"href":"https:\/\/zonaroja.com.mx\/index.php?rest_route=\/wp\/v2\/posts\/41259\/revisions\/41262"}],"wp:featuredmedia":[{"embeddable":true,"href":"https:\/\/zonaroja.com.mx\/index.php?rest_route=\/wp\/v2\/media\/41261"}],"wp:attachment":[{"href":"https:\/\/zonaroja.com.mx\/index.php?rest_route=%2Fwp%2Fv2%2Fmedia&parent=41259"}],"wp:term":[{"taxonomy":"category","embeddable":true,"href":"https:\/\/zonaroja.com.mx\/index.php?rest_route=%2Fwp%2Fv2%2Fcategories&post=41259"},{"taxonomy":"post_tag","embeddable":true,"href":"https:\/\/zonaroja.com.mx\/index.php?rest_route=%2Fwp%2Fv2%2Ftags&post=41259"}],"curies":[{"name":"wp","href":"https:\/\/api.w.org\/{rel}","templated":true}]}}