{"id":41275,"date":"2022-05-16T21:13:22","date_gmt":"2022-05-17T02:13:22","guid":{"rendered":"http:\/\/www.zonaroja.com.mx\/?p=41275"},"modified":"2022-05-16T21:13:23","modified_gmt":"2022-05-17T02:13:23","slug":"revelan-sondeos-que-confirman-que-salomon-jara-gano-el-debate","status":"publish","type":"post","link":"https:\/\/zonaroja.com.mx\/?p=41275","title":{"rendered":"Revelan sondeos que confirman que Salom\u00f3n Jara gan\u00f3 el debate"},"content":{"rendered":"\n<p>Redacci\u00f3n\/Zona Roja.<\/p>\n\n\n\n<p>Oaxaca de Ju\u00e1rez, Oax., 16 de mayo de 2002.- Las y los oaxaque\u00f1os ratifican su confianza en Salom\u00f3n Jara Cruz para ser el pr\u00f3ximo gobernador del estado de Oaxaca, as\u00ed lo constata la encuesta realizada por Grupo Impacto al t\u00e9rmino del debate realizado ayer por la autoridad electoral estatal.&nbsp;<\/p>\n\n\n\n<p>De acuerdo a la prestigiosa casa encuestadora, el 61% de las personas encuestadas dijeron que Jara Cruz gan\u00f3 el debate.<\/p>\n\n\n\n<p>Este resultado no es sorpresivo, porque durante toda la campa\u00f1a, los pueblos y comunidades se han volcado a favor del candidato de la Coalici\u00f3n \u00abJuntos Hacemos Historia en Oaxaca\u00bb.&nbsp;<\/p>\n\n\n\n<p>El estudio tambi\u00e9n arroj\u00f3 que el 56% del electorado consultado refiri\u00f3 que, el abanderado de los partidos Morena, Verde Ecologista, PT y PUP, tuvo las mejores propuestas para el bien de las y los oaxaque\u00f1os.<\/p>\n\n\n\n<p>Respecto a la pregunta de qui\u00e9n de los candidatos est\u00e1 mejor preparado para ser el pr\u00f3ximo gobernador, Salom\u00f3n Jara ocup\u00f3 la calificaci\u00f3n m\u00e1s alta con un 36%.<\/p>\n\n\n\n<p>Lo anterior da cuenta que la poblaci\u00f3n apoya a quien presente ideas y propuestas claras, como es el caso del proyecto de Salom\u00f3n Jara.&nbsp;<\/p>\n\n\n\n<p>A pesar de la guerra sucia y el ataque coordinado contra de Salom\u00f3n Jara durante el debate, la percepci\u00f3n de la ciudadan\u00eda sobre el conocimiento, dedicaci\u00f3n y preparaci\u00f3n del candidato morenista, no se modific\u00f3.<\/p>\n\n\n\n<p>La encuesta tambi\u00e9n confirm\u00f3 que el pueblo de Oaxaca est\u00e1 harto de los personajes de siempre, que s\u00f3lo acuden a hacer un \u201cshow\u201d pol\u00edtico sin contrastar ni exponer soluciones reales para resolver las demandas ciudadanas.<\/p>\n","protected":false},"excerpt":{"rendered":"<p>Redacci\u00f3n\/Zona Roja. Oaxaca de Ju\u00e1rez, Oax., 16 de mayo de 2002.- Las y los oaxaque\u00f1os&hellip;<\/p>\n","protected":false},"author":2,"featured_media":41276,"comment_status":"closed","ping_status":"open","sticky":false,"template":"","format":"standard","meta":{"_lmt_disableupdate":"","_lmt_disable":"","_jetpack_memberships_contains_paid_content":false,"footnotes":""},"categories":[109,46],"tags":[939],"class_list":["post-41275","post","type-post","status-publish","format-standard","has-post-thumbnail","hentry","category-minuto-a-minuto","category-zona-blanca","tag-salomon-jara-cruz"],"jetpack_featured_media_url":"https:\/\/zonaroja.com.mx\/wp-content\/uploads\/2022\/05\/Salomon-Jara-ciudad-de-Oaxaca.jpg","jetpack_sharing_enabled":true,"_links":{"self":[{"href":"https:\/\/zonaroja.com.mx\/index.php?rest_route=\/wp\/v2\/posts\/41275","targetHints":{"allow":["GET"]}}],"collection":[{"href":"https:\/\/zonaroja.com.mx\/index.php?rest_route=\/wp\/v2\/posts"}],"about":[{"href":"https:\/\/zonaroja.com.mx\/index.php?rest_route=\/wp\/v2\/types\/post"}],"author":[{"embeddable":true,"href":"https:\/\/zonaroja.com.mx\/index.php?rest_route=\/wp\/v2\/users\/2"}],"replies":[{"embeddable":true,"href":"https:\/\/zonaroja.com.mx\/index.php?rest_route=%2Fwp%2Fv2%2Fcomments&post=41275"}],"version-history":[{"count":1,"href":"https:\/\/zonaroja.com.mx\/index.php?rest_route=\/wp\/v2\/posts\/41275\/revisions"}],"predecessor-version":[{"id":41277,"href":"https:\/\/zonaroja.com.mx\/index.php?rest_route=\/wp\/v2\/posts\/41275\/revisions\/41277"}],"wp:featuredmedia":[{"embeddable":true,"href":"https:\/\/zonaroja.com.mx\/index.php?rest_route=\/wp\/v2\/media\/41276"}],"wp:attachment":[{"href":"https:\/\/zonaroja.com.mx\/index.php?rest_route=%2Fwp%2Fv2%2Fmedia&parent=41275"}],"wp:term":[{"taxonomy":"category","embeddable":true,"href":"https:\/\/zonaroja.com.mx\/index.php?rest_route=%2Fwp%2Fv2%2Fcategories&post=41275"},{"taxonomy":"post_tag","embeddable":true,"href":"https:\/\/zonaroja.com.mx\/index.php?rest_route=%2Fwp%2Fv2%2Ftags&post=41275"}],"curies":[{"name":"wp","href":"https:\/\/api.w.org\/{rel}","templated":true}]}}