{"id":41278,"date":"2022-05-17T07:43:56","date_gmt":"2022-05-17T12:43:56","guid":{"rendered":"http:\/\/www.zonaroja.com.mx\/?p=41278"},"modified":"2022-05-17T07:44:00","modified_gmt":"2022-05-17T12:44:00","slug":"registra-oaxaca-otro-feminicidio-ahora-en-villa-de-etla","status":"publish","type":"post","link":"https:\/\/zonaroja.com.mx\/?p=41278","title":{"rendered":"Registra Oaxaca otro feminicidio, ahora en Villa de Etla"},"content":{"rendered":"\n<p>Ismael Garc\u00eda M.\/Zona Roja.<\/p>\n\n\n\n<p>Oaxaca de Ju\u00e1rez, Oax., 17 de mayo de 2022.- Una mujer fue asesinada a golpes por su pareja, quien adem\u00e1s golpe\u00f3 a su hija de cinco a\u00f1os de edad, a la media noche del domingo, en la Villa de Etla, municipio de la regi\u00f3n Valles Centrales de Oaxaca.<\/p>\n\n\n\n<p>De acuerdo con reportes policiacos, el crimen se perpetr\u00f3 en un domicilio de la calle Independencia, donde Daniel \u201cN\u201d, de 25 a\u00f1os de edad, atac\u00f3 a su esposa Paula C. S. con un fierro y la golpe\u00f3 hasta matarla.<\/p>\n\n\n\n<p>Lo mismo pretend\u00eda hacer con su hija S. M. C., de cinco a\u00f1os de edad, y tras ello, pretend\u00eda suicidarse; sin embargo, tras los gritos, vecinos de la zona pidieron el auxilio de los polic\u00edas, que lograron detener al individuo.<\/p>\n\n\n\n<p>La menor de edad fue trasladada al Hospital General \u201cDr. Aurelio Valdivieso\u201d de la capital oaxaque\u00f1a, donde a\u00fan recibe atenci\u00f3n m\u00e9dica.<\/p>\n\n\n\n<p>EJECUTADO EN COSTA<\/p>\n\n\n\n<p>Por otra parte, un individuo fue ejecutado a balazos la tarde de ayer en el municipio de San Gabriel Mixtepec, perteneciente a la regi\u00f3n de la Costa.<\/p>\n\n\n\n<p>Alrededor de las 18:00 horas, Miguel \u201cN\u201d se trasladaba en su camioneta marca Nissan, tipo Kicks, con placas de circulaci\u00f3n HCY-046-D, cuando sujetos a bordo de una motocicleta le dieron alcance y lo balearon.<\/p>\n\n\n\n<p>La unidad de motor cay\u00f3 en una cancha de futbol y en su interior el cuerpo sin vida del individuo, presuntamente relacionado con delitos contra la salud.<\/p>\n\n\n\n<p>Hasta el momento se desconoce el paradero de los autores del homicidio.<\/p>\n\n\n\n<figure class=\"wp-block-image size-full\"><a href=\"http:\/\/www.zonaroja.com.mx\/wp-content\/uploads\/2022\/05\/Ejecutado-San-Gabriel-Mixtepec.jpg\" data-rel=\"penci-gallery-image-content\" ><img decoding=\"async\" width=\"565\" height=\"424\" src=\"http:\/\/www.zonaroja.com.mx\/wp-content\/uploads\/2022\/05\/Ejecutado-San-Gabriel-Mixtepec.jpg\" alt=\"\" class=\"wp-image-41279\" srcset=\"https:\/\/zonaroja.com.mx\/wp-content\/uploads\/2022\/05\/Ejecutado-San-Gabriel-Mixtepec.jpg 565w, https:\/\/zonaroja.com.mx\/wp-content\/uploads\/2022\/05\/Ejecutado-San-Gabriel-Mixtepec-300x225.jpg 300w\" sizes=\"(max-width: 565px) 100vw, 565px\" \/><\/a><\/figure>\n","protected":false},"excerpt":{"rendered":"<p>Ismael Garc\u00eda M.\/Zona Roja. Oaxaca de Ju\u00e1rez, Oax., 17 de mayo de 2022.- Una mujer&hellip;<\/p>\n","protected":false},"author":2,"featured_media":34292,"comment_status":"closed","ping_status":"open","sticky":false,"template":"","format":"standard","meta":{"_lmt_disableupdate":"","_lmt_disable":"","_jetpack_memberships_contains_paid_content":false,"footnotes":""},"categories":[109,51],"tags":[882],"class_list":["post-41278","post","type-post","status-publish","format-standard","has-post-thumbnail","hentry","category-minuto-a-minuto","category-zona-roja","tag-villa-de-etla"],"jetpack_featured_media_url":"https:\/\/zonaroja.com.mx\/wp-content\/uploads\/2021\/11\/Mujer-asesinada-feminicidio-violencia-3.jpg","jetpack_sharing_enabled":true,"_links":{"self":[{"href":"https:\/\/zonaroja.com.mx\/index.php?rest_route=\/wp\/v2\/posts\/41278","targetHints":{"allow":["GET"]}}],"collection":[{"href":"https:\/\/zonaroja.com.mx\/index.php?rest_route=\/wp\/v2\/posts"}],"about":[{"href":"https:\/\/zonaroja.com.mx\/index.php?rest_route=\/wp\/v2\/types\/post"}],"author":[{"embeddable":true,"href":"https:\/\/zonaroja.com.mx\/index.php?rest_route=\/wp\/v2\/users\/2"}],"replies":[{"embeddable":true,"href":"https:\/\/zonaroja.com.mx\/index.php?rest_route=%2Fwp%2Fv2%2Fcomments&post=41278"}],"version-history":[{"count":1,"href":"https:\/\/zonaroja.com.mx\/index.php?rest_route=\/wp\/v2\/posts\/41278\/revisions"}],"predecessor-version":[{"id":41280,"href":"https:\/\/zonaroja.com.mx\/index.php?rest_route=\/wp\/v2\/posts\/41278\/revisions\/41280"}],"wp:featuredmedia":[{"embeddable":true,"href":"https:\/\/zonaroja.com.mx\/index.php?rest_route=\/wp\/v2\/media\/34292"}],"wp:attachment":[{"href":"https:\/\/zonaroja.com.mx\/index.php?rest_route=%2Fwp%2Fv2%2Fmedia&parent=41278"}],"wp:term":[{"taxonomy":"category","embeddable":true,"href":"https:\/\/zonaroja.com.mx\/index.php?rest_route=%2Fwp%2Fv2%2Fcategories&post=41278"},{"taxonomy":"post_tag","embeddable":true,"href":"https:\/\/zonaroja.com.mx\/index.php?rest_route=%2Fwp%2Fv2%2Ftags&post=41278"}],"curies":[{"name":"wp","href":"https:\/\/api.w.org\/{rel}","templated":true}]}}