{"id":41281,"date":"2022-05-17T08:09:37","date_gmt":"2022-05-17T13:09:37","guid":{"rendered":"http:\/\/www.zonaroja.com.mx\/?p=41281"},"modified":"2022-05-17T08:09:39","modified_gmt":"2022-05-17T13:09:39","slug":"intensifica-el-triple-a-recorridos-por-pueblos-de-oaxaca-en-busca-del-voto","status":"publish","type":"post","link":"https:\/\/zonaroja.com.mx\/?p=41281","title":{"rendered":"Intensifica el \u201cTriple A\u201d recorridos por pueblos de Oaxaca en busca del voto"},"content":{"rendered":"\n<p>Redacci\u00f3n\/Zona Roja.<\/p>\n\n\n\n<p>Oaxaca de Ju\u00e1rez, Oax. 17 de mayo de 2022.- A 20 d\u00edas de la elecci\u00f3n, el candidato del PRI-PRD a gobernador de Oaxaca evalu\u00f3 con su equipo los avances de la campa\u00f1a e intensific\u00f3 sus recorridos.<\/p>\n\n\n\n<p>Ayer, luego de presidir una conferencia de prensa, en la sede del Partido Revolucionario Institucional (PRI), acompa\u00f1ado del dirigente Javier Villaca\u00f1a Jim\u00e9nez; el coordinador de la campa\u00f1a, Marco Cuevas, y la vocera, Mariana Ben\u00edtez Tiburcio, recorri\u00f3 comunidades de los Valles Centrales.<\/p>\n\n\n\n<p>Entre ellos la Villa de Etla y Santa Cruz Xoxocotl\u00e1n, donde miles de militantes y simpatizantes le refrendaron su compromiso para llevarlo a la gubernatura, con el voto a su favor el pr\u00f3ximo 5 de junio.<\/p>\n\n\n\n<p>Durante los encuentros, record\u00f3 sus propuestas, como la creaci\u00f3n de un grupo de seguridad denominado \u201cFuerza Guerrera\u201d, que tendr\u00e1 la misi\u00f3n de prevenir y perseguir los delitos que pongan riesgo la integridad f\u00edsica y psicol\u00f3gica de las oaxaque\u00f1as.&nbsp;<\/p>\n\n\n\n<p>\u201cSer\u00e1 una polic\u00eda de proximidad conformada por mujeres, capacitada, fuerte y confiable que se encargar\u00e1 de dar seguridad y tranquilidad a las ni\u00f1as y mujeres. Contar\u00e1 con todas las condiciones que requieren para hacer este trabajo de enorme responsabilidad\u201d, manifest\u00f3.\u00a0<\/p>\n\n\n\n<figure class=\"wp-block-embed is-type-rich is-provider-twitter wp-block-embed-twitter\"><div class=\"wp-block-embed__wrapper\">\n<div class=\"twitter-tweet\"><blockquote class=\"twitter-tweet\" data-lang=\"es\"><p lang=\"es\" dir=\"ltr\">Cerramos este d\u00eda con nuestra estructura de Xoxocotl\u00e1n. Me siento feliz y afortunado de contar con mujeres y hombres valientes que han puesto su tiempo y esfuerzo en esta campa\u00f1a. \u00a1Con ellas y ellos vamos a ganar la elecci\u00f3n el pr\u00f3ximo 5 de junio! <a href=\"https:\/\/twitter.com\/hashtag\/AlTriplePorOaxaca?src=hash&amp;ref_src=twsrc%5Etfw\">#AlTriplePorOaxaca<\/a> <a href=\"https:\/\/t.co\/wxGOfZ6oUZ\">pic.twitter.com\/wxGOfZ6oUZ<\/a><\/p>&mdash; Alejandro Avil\u00e9s \u00c1lvarez (@_AvilesAlvarez) <a href=\"https:\/\/twitter.com\/_AvilesAlvarez\/status\/1526413899385430018?ref_src=twsrc%5Etfw\">17 de mayo de 2022<\/a><\/blockquote><\/div>\n<\/div><\/figure>\n\n\n\n<p>Alejandro Avil\u00e9s destac\u00f3 que su proyecto de campa\u00f1a cuenta con una plataforma de m\u00e1s de 60 propuestas, entre las que se destaca el impulso a los derechos de los pueblos ind\u00edgenas y afromexicano, los apoyos econ\u00f3micos a trav\u00e9s de la tarjeta digital \u201cTripleta\u201d, con subsidios del 30% en el pago de luz, gas LP e internet, as\u00ed como tambi\u00e9n acciones concretas para frenar la migraci\u00f3n.&nbsp;<\/p>\n\n\n\n<p>\u201cCon m\u00e1s oportunidades no habr\u00e1 necesidad de que tantos oaxaque\u00f1os se vayan de nuestro estado, pero claro que tambi\u00e9n haremos equipo con quienes viven fuera del pa\u00eds con el relanzamiento del programa \u201c3&#215;1 Migrantes\u201d, que llevar\u00e1 apoyos de infraestructura a sus comunidades de origen\u201d, explic\u00f3.<\/p>\n\n\n\n<p>Remarc\u00f3 que el sello de su gobierno ser\u00e1n los compromisos que trasciendan en la vida de los que m\u00e1s lo necesitan como lo contempla el programa \u201cM\u00e9dico en tu Casa\u201d, que llevar\u00e1 brigadas de medicina preventiva y estudios especializados hasta las comunidades m\u00e1s alejadas de la entidad.&nbsp;<\/p>\n\n\n\n<p>\u201cMi prop\u00f3sito como gobernador es que nadie se quede atr\u00e1s, que las familias no se queden sin sustento. Por eso, el seguro de desempleo proveer\u00e1 un apoyo de 3 mil pesos hasta por 3 meses para las jefas de familia que hayan perdido su trabajo\u201d, reiter\u00f3.<\/p>\n","protected":false},"excerpt":{"rendered":"<p>Redacci\u00f3n\/Zona Roja. Oaxaca de Ju\u00e1rez, Oax. 17 de mayo de 2022.- A 20 d\u00edas de&hellip;<\/p>\n","protected":false},"author":2,"featured_media":41282,"comment_status":"closed","ping_status":"open","sticky":false,"template":"","format":"standard","meta":{"_lmt_disableupdate":"","_lmt_disable":"","_jetpack_memberships_contains_paid_content":false,"footnotes":""},"categories":[109,46],"tags":[316],"class_list":["post-41281","post","type-post","status-publish","format-standard","has-post-thumbnail","hentry","category-minuto-a-minuto","category-zona-blanca","tag-alejandro-aviles-alvarez"],"jetpack_featured_media_url":"https:\/\/zonaroja.com.mx\/wp-content\/uploads\/2022\/05\/Alejandro-Aviles-reunion-PRI.jpg","jetpack_sharing_enabled":true,"_links":{"self":[{"href":"https:\/\/zonaroja.com.mx\/index.php?rest_route=\/wp\/v2\/posts\/41281","targetHints":{"allow":["GET"]}}],"collection":[{"href":"https:\/\/zonaroja.com.mx\/index.php?rest_route=\/wp\/v2\/posts"}],"about":[{"href":"https:\/\/zonaroja.com.mx\/index.php?rest_route=\/wp\/v2\/types\/post"}],"author":[{"embeddable":true,"href":"https:\/\/zonaroja.com.mx\/index.php?rest_route=\/wp\/v2\/users\/2"}],"replies":[{"embeddable":true,"href":"https:\/\/zonaroja.com.mx\/index.php?rest_route=%2Fwp%2Fv2%2Fcomments&post=41281"}],"version-history":[{"count":1,"href":"https:\/\/zonaroja.com.mx\/index.php?rest_route=\/wp\/v2\/posts\/41281\/revisions"}],"predecessor-version":[{"id":41283,"href":"https:\/\/zonaroja.com.mx\/index.php?rest_route=\/wp\/v2\/posts\/41281\/revisions\/41283"}],"wp:featuredmedia":[{"embeddable":true,"href":"https:\/\/zonaroja.com.mx\/index.php?rest_route=\/wp\/v2\/media\/41282"}],"wp:attachment":[{"href":"https:\/\/zonaroja.com.mx\/index.php?rest_route=%2Fwp%2Fv2%2Fmedia&parent=41281"}],"wp:term":[{"taxonomy":"category","embeddable":true,"href":"https:\/\/zonaroja.com.mx\/index.php?rest_route=%2Fwp%2Fv2%2Fcategories&post=41281"},{"taxonomy":"post_tag","embeddable":true,"href":"https:\/\/zonaroja.com.mx\/index.php?rest_route=%2Fwp%2Fv2%2Ftags&post=41281"}],"curies":[{"name":"wp","href":"https:\/\/api.w.org\/{rel}","templated":true}]}}