{"id":41284,"date":"2022-05-17T08:52:33","date_gmt":"2022-05-17T13:52:33","guid":{"rendered":"http:\/\/www.zonaroja.com.mx\/?p=41284"},"modified":"2022-05-17T08:52:36","modified_gmt":"2022-05-17T13:52:36","slug":"por-favor-ayuda-estamos-desesperados-docentes-retenidos-en-la-mixtequita","status":"publish","type":"post","link":"https:\/\/zonaroja.com.mx\/?p=41284","title":{"rendered":"\u201cPor favor ayuda, estamos desesperados\u201d: docentes retenidos en La Mixtequita"},"content":{"rendered":"\n<p>Ismael Garc\u00eda M.\/Zona Roja.&nbsp;<\/p>\n\n\n\n<p>Oaxaca de Ju\u00e1rez, Oax., 17 de mayo de 2022.- \u201cPedimos a las autoridades que tomen las cartas en el asunto, que vean nuestra situaci\u00f3n, que busquen por todos los medios apoyarnos para salir de este lugar; tenemos ya desde el d\u00eda s\u00e1bado varios d\u00edas, durmiendo mal, en muy malas condiciones, sin posibilidad de asearnos, requerimos ver a nuestras familias que tambi\u00e9n est\u00e1n preocupadas\u201d.<\/p>\n\n\n\n<p>Es el clamor, entre sollozos, de una veintena de maestras y maestros del plantel Tuxtepec del Colegio Nacional de Educaci\u00f3n Profesional T\u00e9cnica (Conalep), que este martes inician el cuarto d\u00eda de retenci\u00f3n en La Mixtequita, cuyos pobladores de esa y otras tres agencias m\u00e1s los utilizan como rehenes para exigir recursos presupuestales a la cabecera municipal San Juan Mazatl\u00e1n Mixe.<\/p>\n\n\n\n<p>Fue la madrugada del s\u00e1bado en que, procedentes en un autob\u00fas tur\u00edstico de Puerto Escondido, 37 docentes pretend\u00edan cruzar el bloqueo que instalaron d\u00edas antes los manifestantes, para dirigirse a San Juan Bautista Tuxtepec, pero fueron retenidos.<\/p>\n\n\n\n<p>El domingo, tras presiones, fueron liberados 17 de ellos; sin embargo, los inconformes insisten en mantenerlos retenidos a cambio de que les entreguen, en efectivo, el dinero que piden, de lo contrario no los liberar\u00e1n.<\/p>\n\n\n\n<p>De acuerdo con otro audio difundido, La Mixquita pide 3 millones 183 mil 253 pesos; a Felipe Angeles 4 millones 975 mil 450 pesos; a Constituci\u00f3n Mexicana, 4 millones 490 mil 191 pesos; a D\u00edaz Ordaz, 737 mil 583 pesos.<\/p>\n\n\n\n<p>Desde el domingo y este martes, contin\u00faan en Tuxtepec y en la regi\u00f3n Mixteca bloqueos y protestas para exigir la liberaci\u00f3n del resto de los retenidos.<\/p>\n\n\n\n<figure class=\"wp-block-embed is-type-rich is-provider-twitter wp-block-embed-twitter\"><div class=\"wp-block-embed__wrapper\">\n<div class=\"twitter-tweet\"><blockquote class=\"twitter-tweet\" data-lang=\"es\"><p lang=\"es\" dir=\"ltr\">\u201cLo que nosotros estamos viviendo es una situaci\u00f3n muy dif\u00edcil, muy tensa, estamos estresados, desesperados, pedimos a las autoridades nos ayuden\u201d: el clamor de docentes del <a href=\"https:\/\/twitter.com\/CONALEP_Mex?ref_src=twsrc%5Etfw\">@CONALEP_Mex<\/a> retenidos desde el s\u00e1bado en La Mixtequita, San Juan Mazatl\u00e1n Mixe, <a href=\"https:\/\/twitter.com\/hashtag\/Oaxaca?src=hash&amp;ref_src=twsrc%5Etfw\">#Oaxaca<\/a>. <a href=\"https:\/\/t.co\/SVQydsVpnD\">pic.twitter.com\/SVQydsVpnD<\/a><\/p>&mdash; Zona Roja Oaxaca (@ZonaRoja_Oaxaca) <a href=\"https:\/\/twitter.com\/ZonaRoja_Oaxaca\/status\/1526557623910383616?ref_src=twsrc%5Etfw\">17 de mayo de 2022<\/a><\/blockquote><\/div>\n<\/div><\/figure>\n\n\n\n<p>En tanto, a trav\u00e9s de un comunicado emitido anoche, la Secretar\u00eda General de Gobierno de deslind\u00f3 y dijo que era un conflicto intermunicipal.<\/p>\n\n\n\n<p>Y mediante el mismo comunicado, llam\u00f3 al di\u00e1logo a las partes, aunado a que pidi\u00f3 la intervenci\u00f3n de la Fiscal\u00eda General del Estado y de la Defensor\u00eda de los Derechos Humanos.<\/p>\n\n\n\n<p>\u201cEl Gobierno del Estado, aclara que este es un problema estrictamente intramunicipal y que corresponde a las autoridades municipales encontrar la soluci\u00f3n y atenci\u00f3n a las demandas, sin embargo se ha ofrecido apoyar a la autoridad municipal para responder a las peticiones de sus agencias; asimismo, se ha convocado a Macario Eleuterio Jim\u00e9nez, presidente municipal de San Juan Mazatl\u00e1n, Mixe, para que asista a las mesas de di\u00e1logo y atienda a sus agencias para resolver el conflicto interno que prevalece, sin embargo, el edil no atiende el llamado\u201d<\/p>\n\n\n\n<p>\u201cY ante la cerraz\u00f3n de los agentes municipales de La Mixtequita, Felipe \u00c1ngeles y Constituci\u00f3n Mexicana, la Segego con respeto a la autonom\u00eda de la Fiscal\u00eda General del Estado de Oaxaca, ha solicitado realice las investigaciones correspondientes ante los hechos que pudieran ser constitutivos de delitos por la retenci\u00f3n de profesores, as\u00ed como la intervenci\u00f3n de la Defensor\u00eda de los Derechos Humanos del Pueblo de Oaxaca.<\/p>\n\n\n\n<p>\u201cCabe se\u00f1alar que la Delegada Regional de Gobierno, ha estado presente en todo momento para atender y realizar los enlaces pertinentes con las dependencias correspondientes.<\/p>\n\n\n\n<p>\u201cLa Segego reprueba las acciones de presi\u00f3n que realizan y es por ello que solicita la intervenci\u00f3n de las entidades encargadas de la procuraci\u00f3n de justicia\u201d, refiere.<\/p>\n","protected":false},"excerpt":{"rendered":"<p>Ismael Garc\u00eda M.\/Zona Roja.&nbsp; Oaxaca de Ju\u00e1rez, Oax., 17 de mayo de 2022.- \u201cPedimos a&hellip;<\/p>\n","protected":false},"author":2,"featured_media":41285,"comment_status":"closed","ping_status":"open","sticky":false,"template":"","format":"standard","meta":{"_lmt_disableupdate":"","_lmt_disable":"","_jetpack_memberships_contains_paid_content":false,"footnotes":""},"categories":[109,47],"tags":[933],"class_list":["post-41284","post","type-post","status-publish","format-standard","has-post-thumbnail","hentry","category-minuto-a-minuto","category-zona-gris","tag-san-juan-mazatlan-mixe"],"jetpack_featured_media_url":"https:\/\/zonaroja.com.mx\/wp-content\/uploads\/2022\/05\/Retenidos-en-La-Mixtequita-San-Juan-Mazatlan.jpg","jetpack_sharing_enabled":true,"_links":{"self":[{"href":"https:\/\/zonaroja.com.mx\/index.php?rest_route=\/wp\/v2\/posts\/41284","targetHints":{"allow":["GET"]}}],"collection":[{"href":"https:\/\/zonaroja.com.mx\/index.php?rest_route=\/wp\/v2\/posts"}],"about":[{"href":"https:\/\/zonaroja.com.mx\/index.php?rest_route=\/wp\/v2\/types\/post"}],"author":[{"embeddable":true,"href":"https:\/\/zonaroja.com.mx\/index.php?rest_route=\/wp\/v2\/users\/2"}],"replies":[{"embeddable":true,"href":"https:\/\/zonaroja.com.mx\/index.php?rest_route=%2Fwp%2Fv2%2Fcomments&post=41284"}],"version-history":[{"count":1,"href":"https:\/\/zonaroja.com.mx\/index.php?rest_route=\/wp\/v2\/posts\/41284\/revisions"}],"predecessor-version":[{"id":41286,"href":"https:\/\/zonaroja.com.mx\/index.php?rest_route=\/wp\/v2\/posts\/41284\/revisions\/41286"}],"wp:featuredmedia":[{"embeddable":true,"href":"https:\/\/zonaroja.com.mx\/index.php?rest_route=\/wp\/v2\/media\/41285"}],"wp:attachment":[{"href":"https:\/\/zonaroja.com.mx\/index.php?rest_route=%2Fwp%2Fv2%2Fmedia&parent=41284"}],"wp:term":[{"taxonomy":"category","embeddable":true,"href":"https:\/\/zonaroja.com.mx\/index.php?rest_route=%2Fwp%2Fv2%2Fcategories&post=41284"},{"taxonomy":"post_tag","embeddable":true,"href":"https:\/\/zonaroja.com.mx\/index.php?rest_route=%2Fwp%2Fv2%2Ftags&post=41284"}],"curies":[{"name":"wp","href":"https:\/\/api.w.org\/{rel}","templated":true}]}}