{"id":41287,"date":"2022-05-17T08:59:04","date_gmt":"2022-05-17T13:59:04","guid":{"rendered":"http:\/\/www.zonaroja.com.mx\/?p=41287"},"modified":"2022-05-17T08:59:07","modified_gmt":"2022-05-17T13:59:07","slug":"mexico-llega-a-100-mil-desaparecidos-casos-suben-30-con-amlo","status":"publish","type":"post","link":"https:\/\/zonaroja.com.mx\/?p=41287","title":{"rendered":"M\u00e9xico llega a 100 mil desaparecidos; casos suben 30% con AMLO"},"content":{"rendered":"\n<p>Redacci\u00f3n\/Zona Roja Cdmx.<\/p>\n\n\n\n<p>Ciudad de M\u00e9xico, 17 de mayo de 2022.- M\u00e9xico super\u00f3 las 100 mil personas registradas como desaparecidas de acuerdo con datos oficiales del Registro Nacional de Personas Desaparecidas y No Localizadas.<\/p>\n\n\n\n<p>De acuerdo con la informaci\u00f3n de la Comisi\u00f3n Nacional de B\u00fasqueda de Personas, una de cada tres personas desaparecidas se han registrado en la administraci\u00f3n del presidente Andr\u00e9s Manuel L\u00f3pez Obrador, al contabilizarse 31 mil 533 desaparecidos en lo que va de la actual administraci\u00f3n.<\/p>\n\n\n\n<p>Ante ello, el Consejo Nacional Ciudadano del Sistema Nacional de B\u00fasqueda de Personas hizo un llamado en\u00e9rgico para que el Estado mexicano priorice la atenci\u00f3n a esta problem\u00e1tica y defina una pol\u00edtica p\u00fablica del Estado para prevenir y detener las desapariciones en el pa\u00eds.<\/p>\n\n\n\n<p>Dicho consejo consider\u00f3, en un comunicado, que se requiere construir de manera inmediata una agenda que permita, junto con la sociedad organizada, los familiares de personas desaparecidas y la sociedad en su conjunto, crear e instrumentar un Plan Nacional de Prevenci\u00f3n ante la alarmante desaparici\u00f3n de personas.<\/p>\n\n\n\n<p>As\u00ed, demand\u00f3 que, a trav\u00e9s de las instituciones correspondientes, se redoblen los esfuerzos y se d\u00e9 celeridad a los mecanismos e instrumentos incluidos en la ley que faltan por crear como los siguientes:<\/p>\n\n\n\n<p>El programa nacional de b\u00fasqueda; el registro nacional de fosas comunes y fosas clandestinas; el registro nacional de personas fallecidas no identificadas y no reclamadas; el banco nacional de datos forenses; el programa nacional de exhumaciones identificaci\u00f3n; el reglamento de la Ley General en Materia de Desaparici\u00f3n Forzada de Personas, Desaparici\u00f3n Cometida por Particulares y del Sistema Nacional de B\u00fasqueda de Personas; los lineamientos del Registro Nacional de Personas Desaparecidas y No Localizadas; y el sistema \u00fanico de informaci\u00f3n tecnol\u00f3gica e inform\u00e1tica.<\/p>\n\n\n\n<p>En abril pasado, el Comit\u00e9 contra la Desaparici\u00f3n Forzada de la Organizaci\u00f3n de las Naciones Unidas (ONU) dio a conocer su informe sobre su visita a M\u00e9xico, en el cual destaca que \u201cla alarmante tendencia al aumento de las desapariciones forzadas fue facilitada por la impunidad casi absoluta\u201d, pues inform\u00f3 que entre el dos y el seis por ciento de los casos de desaparici\u00f3n resultaron en procesos penales, y s\u00f3lo se hab\u00edan dictado 36 condenas a nivel nacional.<\/p>\n\n\n\n<p>(Informaci\u00f3n de \u00abEl Financiero\u00bb)<\/p>\n","protected":false},"excerpt":{"rendered":"<p>Redacci\u00f3n\/Zona Roja Cdmx. Ciudad de M\u00e9xico, 17 de mayo de 2022.- M\u00e9xico super\u00f3 las 100&hellip;<\/p>\n","protected":false},"author":2,"featured_media":41063,"comment_status":"closed","ping_status":"open","sticky":false,"template":"","format":"standard","meta":{"_lmt_disableupdate":"","_lmt_disable":"","_jetpack_memberships_contains_paid_content":false,"footnotes":""},"categories":[109,47],"tags":[],"class_list":["post-41287","post","type-post","status-publish","format-standard","has-post-thumbnail","hentry","category-minuto-a-minuto","category-zona-gris"],"jetpack_featured_media_url":"https:\/\/zonaroja.com.mx\/wp-content\/uploads\/2022\/05\/Madres-buscando-buscadoras-desaparecidas.jpg","jetpack_sharing_enabled":true,"_links":{"self":[{"href":"https:\/\/zonaroja.com.mx\/index.php?rest_route=\/wp\/v2\/posts\/41287","targetHints":{"allow":["GET"]}}],"collection":[{"href":"https:\/\/zonaroja.com.mx\/index.php?rest_route=\/wp\/v2\/posts"}],"about":[{"href":"https:\/\/zonaroja.com.mx\/index.php?rest_route=\/wp\/v2\/types\/post"}],"author":[{"embeddable":true,"href":"https:\/\/zonaroja.com.mx\/index.php?rest_route=\/wp\/v2\/users\/2"}],"replies":[{"embeddable":true,"href":"https:\/\/zonaroja.com.mx\/index.php?rest_route=%2Fwp%2Fv2%2Fcomments&post=41287"}],"version-history":[{"count":1,"href":"https:\/\/zonaroja.com.mx\/index.php?rest_route=\/wp\/v2\/posts\/41287\/revisions"}],"predecessor-version":[{"id":41288,"href":"https:\/\/zonaroja.com.mx\/index.php?rest_route=\/wp\/v2\/posts\/41287\/revisions\/41288"}],"wp:featuredmedia":[{"embeddable":true,"href":"https:\/\/zonaroja.com.mx\/index.php?rest_route=\/wp\/v2\/media\/41063"}],"wp:attachment":[{"href":"https:\/\/zonaroja.com.mx\/index.php?rest_route=%2Fwp%2Fv2%2Fmedia&parent=41287"}],"wp:term":[{"taxonomy":"category","embeddable":true,"href":"https:\/\/zonaroja.com.mx\/index.php?rest_route=%2Fwp%2Fv2%2Fcategories&post=41287"},{"taxonomy":"post_tag","embeddable":true,"href":"https:\/\/zonaroja.com.mx\/index.php?rest_route=%2Fwp%2Fv2%2Ftags&post=41287"}],"curies":[{"name":"wp","href":"https:\/\/api.w.org\/{rel}","templated":true}]}}