{"id":41290,"date":"2022-05-17T14:27:19","date_gmt":"2022-05-17T19:27:19","guid":{"rendered":"http:\/\/www.zonaroja.com.mx\/?p=41290"},"modified":"2022-05-17T18:51:14","modified_gmt":"2022-05-17T23:51:14","slug":"por-eso-luego-las-matan-violencia-contra-mujeres-incrementa-en-oaxaca","status":"publish","type":"post","link":"https:\/\/zonaroja.com.mx\/?p=41290","title":{"rendered":"\u201cPor eso luego las matan\u201d: Violencia contra mujeres incrementa en Oaxaca"},"content":{"rendered":"\n<p>Yuridiana Sosa\/Zona Roja.<\/p>\n\n\n\n<p>Oaxaca de Ju\u00e1rez, Oax., 17 de mayo de 2022.- \u201c\u00a1Luego dicen que por qu\u00e9 las matan!\u201d, sentenci\u00f3 un taxista en Oaxaca contra una madre de familia, que solo ped\u00eda llegar a su destino.<\/p>\n\n\n\n<p>Para las mujeres de la entidad casi ning\u00fan espacio es seguro para ellas, sea de d\u00eda o de noche, est\u00e9n rodeadas de m\u00e1s personas o no, el escenario es igual, incierto, inseguro.<\/p>\n\n\n\n<p>Amenazas y golpes son parte de lo que sufren a diario desde sus espacios laborales como en el transporte p\u00fablico. A la par que la omisi\u00f3n de justicia contin\u00faa en decenas de feminicidios y casos de violencia de g\u00e9nero.<\/p>\n\n\n\n<p>Entre los casos m\u00e1s recientes, p\u00fablicamente dados a conocer, es el de una joven y su madre que fueron v\u00edctimas de la intolerancia y violencia del conductor del taxi marcado con el n\u00famero 10-309, del sitio \u201cCruz de Oriente\u201d de Santa Cruz Amilpas, en la modalidad de taxi colectivo en la zona conurbada de la capital, en la regi\u00f3n de Valles Centrales, quien fue grabado luego de varios minutos de insultos y burlas sobre los feminicidios.<\/p>\n\n\n\n<p>Por medio de redes sociales la mujer exhibi\u00f3 y explic\u00f3 que el conductor de la unidad con placas 32.68-SJN, estall\u00f3 en c\u00f3lera por cambiar el destino de la parada en la que descender\u00edan, pero que formaba parte de la misma ruta.<\/p>\n\n\n\n<p>De Santa Luc\u00eda del Camino se dirigir\u00e1n al parque del Amor, en la capital del estado, pero el conductor se neg\u00f3 y las quer\u00eda bajar varias cuadras antes, por lo que entonces&nbsp;pidieron&nbsp;llegar hasta la base de taxis en la Central de Abasto, pero tampoco quiso, motivo por el que pidieron cambio por el cobro del servicio que hab\u00edan pagado de forma anticipada.<\/p>\n\n\n\n<p>\u201c\u00a1Chinga a tu madre est\u00fapida, por eso luego las matan y las dejan tiradas, por viejas como t\u00fa!\u00bb, lo que atemoriz\u00f3 a las pasajeras, quienes en un alto prefirieron bajar de la unidad.<\/p>\n\n\n\n<p>\u201c\u00a1Por eso las matan!\u201d, insisti\u00f3 el hombre al tiempo que madre e hija se bajaron del coche.<\/p>\n\n\n\n<figure class=\"wp-block-embed is-type-rich is-provider-twitter wp-block-embed-twitter\"><div class=\"wp-block-embed__wrapper\">\n<div class=\"twitter-tweet\"><blockquote class=\"twitter-tweet\" data-lang=\"es\"><p lang=\"es\" dir=\"ltr\">\u201cLuego dicen por qu\u00e9 las matan\u201d,  dice taxista a mujeres en Oaxaca. <br>Fue en Perif\u00e9rico de la capital, donde v\u00edctimas lograron grabar al chofer del taxi del sitio \u201cSanta Cruz Oriente\u201d, Santa Cruz Amilpas, con n\u00famero 10-309.<br>Piden intervenci\u00f3n de <a href=\"https:\/\/twitter.com\/FISCALIA_GobOax?ref_src=twsrc%5Etfw\">@FISCALIA_GobOax<\/a> y <a href=\"https:\/\/twitter.com\/SEMOVI_GobOax?ref_src=twsrc%5Etfw\">@SEMOVI_GobOax<\/a>. <a href=\"https:\/\/t.co\/GOmTU4fLZe\">pic.twitter.com\/GOmTU4fLZe<\/a><\/p>&mdash; Zona Roja Oaxaca (@ZonaRoja_Oaxaca) <a href=\"https:\/\/twitter.com\/ZonaRoja_Oaxaca\/status\/1526553520631078914?ref_src=twsrc%5Etfw\">17 de mayo de 2022<\/a><\/blockquote><\/div>\n<\/div><\/figure>\n\n\n\n<p>OTRO AGRESOR<\/p>\n\n\n\n<p>En otros casos son golpeadas en sus propios centros laborales, como ocurri\u00f3 contra una mujer trabajadora en la taquilla de camionetas de pasajeros ubicada en la avenida Hidalgo 208 del centro de la ciudad de Oaxaca.<\/p>\n\n\n\n<p>El testimonio de la mujer, respaldado por videos del sistema de vigilancia, dan cuenta que un hombre \u2013 ex militar- la golpe\u00f3 al romper el cristal de la ventanilla s\u00f3lo por no ser atendido a complacencia, pues quer\u00eda un cambio de boleto por llegar tarde.<\/p>\n\n\n\n<p>El violento sujeto lanz\u00f3 un atomizador sobre el cristal, para despu\u00e9s agredir a la trabajadora; todo ello frente a otros usuarios de la L\u00ednea Huatulco 2000, que, en vez de ayudar, salieron del lugar, dejando sola a la mujer.<\/p>\n\n\n\n<p>\u201c\u00bfQu\u00e9 le pasa? Oiga \u00bfQu\u00e9 le pasa?\u201d, grit\u00f3 con terror la empleada mientras el hombre azotaba con su mochila la puerta y la agred\u00eda.<\/p>\n\n\n\n<p>Segundos despu\u00e9s, el hombre se percat\u00f3 que se cort\u00f3 y comenz\u00f3 a sangrar, por lo que pidi\u00f3 ayuda a la mujer para que llamara a una ambulancia, pues tem\u00eda morir en el lugar, mientras que se lamentaba por no poder viajar para ir a ver a su hija.<\/p>\n\n\n\n<p>En el video se muestra la herida del hombre, quien ahora como supuesta v\u00edctima pide ser atendido, tambi\u00e9n de forma urgente.<\/p>\n\n\n\n<p>LUCHAN CONTRA IMPUNIDAD<\/p>\n\n\n\n<p>Ante la denuncia p\u00fablica de la agresi\u00f3n de parte de un taxista, la Secretar\u00eda de Seguridad P\u00fablica de Oaxaca (SSPO) inform\u00f3 que la unidad fue asegurada tras un operativo de la Polic\u00eda de Vialidad, as\u00ed tambi\u00e9n, el conductor fue detenido por abusos y amenaza de muerte a las usuarias.<\/p>\n\n\n\n<p>La Secretar\u00eda de Movilidad (Semovi) inform\u00f3 que la unidad fue puesta a disposici\u00f3n de esta dependencia, as\u00ed como que se aplicar\u00e1 la sanci\u00f3n correspondiente por violencia de g\u00e9nero y se inici\u00f3 con la cancelaci\u00f3n de la licencia del chofer, mientras que al concesionario se le impuso una sanci\u00f3n de 350 Unidad de Medida de Actualizaci\u00f3n (UMA).<\/p>\n\n\n\n<p>\u201cEste tipo de situaciones deben investigarse y aplicarse las medidas de ley respectivas buscando evitar situaciones extraordinarias que lesionen la seguridad de las y los oaxaque\u00f1os\u201d, se\u00f1al\u00f3 la titular, Dalia Ba\u00f1os Noyola.<\/p>\n\n\n\n<p>Mientras que la Semovi se comprometi\u00f3 que no pasar\u00e1 por alto la violencia contra las mujeres en las unidades del transporte p\u00fablico.<\/p>\n\n\n\n<p>JUSTICIA A FAVOR DEL AGRESOR&nbsp;<\/p>\n\n\n\n<p>En el caso del ex militar, ocurrido de la terminal de camionetas de pasajeros en la capital, la afectada inform\u00f3 que el hombre qued\u00f3 en libertad, pues el Ministerio P\u00fablico no consider\u00f3 de gravedad las lesiones que recibi\u00f3.<\/p>\n\n\n\n<p>El Ministerio P\u00fablico, dijo, justific\u00f3 el enojo del hombre, quien deb\u00eda llegar a tiempo a Bah\u00edas de Huatulco, pues \u201csu ex esposa le quit\u00f3 el derecho de ver a su hija y \u00e9sta era su \u00fanica oportunidad que le dio\u201d.<\/p>\n\n\n\n<p>En tanto, la trabajadora corre el riesgo de ser violentada nuevamente por su agresor, o por cualquiera otra persona al no existir acciones de justicia contra los violentadores.<\/p>\n","protected":false},"excerpt":{"rendered":"<p>Yuridiana Sosa\/Zona Roja. Oaxaca de Ju\u00e1rez, Oax., 17 de mayo de 2022.- \u201c\u00a1Luego dicen que&hellip;<\/p>\n","protected":false},"author":2,"featured_media":41292,"comment_status":"closed","ping_status":"open","sticky":false,"template":"","format":"standard","meta":{"_lmt_disableupdate":"","_lmt_disable":"","_jetpack_memberships_contains_paid_content":false,"footnotes":""},"categories":[109,47],"tags":[148],"class_list":["post-41290","post","type-post","status-publish","format-standard","has-post-thumbnail","hentry","category-minuto-a-minuto","category-zona-gris","tag-oaxaca-de-juarez"],"jetpack_featured_media_url":"https:\/\/zonaroja.com.mx\/wp-content\/uploads\/2022\/05\/97e3c146-2651-4fc7-8005-d4bbc74bbcd9.jpg","jetpack_sharing_enabled":true,"_links":{"self":[{"href":"https:\/\/zonaroja.com.mx\/index.php?rest_route=\/wp\/v2\/posts\/41290","targetHints":{"allow":["GET"]}}],"collection":[{"href":"https:\/\/zonaroja.com.mx\/index.php?rest_route=\/wp\/v2\/posts"}],"about":[{"href":"https:\/\/zonaroja.com.mx\/index.php?rest_route=\/wp\/v2\/types\/post"}],"author":[{"embeddable":true,"href":"https:\/\/zonaroja.com.mx\/index.php?rest_route=\/wp\/v2\/users\/2"}],"replies":[{"embeddable":true,"href":"https:\/\/zonaroja.com.mx\/index.php?rest_route=%2Fwp%2Fv2%2Fcomments&post=41290"}],"version-history":[{"count":2,"href":"https:\/\/zonaroja.com.mx\/index.php?rest_route=\/wp\/v2\/posts\/41290\/revisions"}],"predecessor-version":[{"id":41294,"href":"https:\/\/zonaroja.com.mx\/index.php?rest_route=\/wp\/v2\/posts\/41290\/revisions\/41294"}],"wp:featuredmedia":[{"embeddable":true,"href":"https:\/\/zonaroja.com.mx\/index.php?rest_route=\/wp\/v2\/media\/41292"}],"wp:attachment":[{"href":"https:\/\/zonaroja.com.mx\/index.php?rest_route=%2Fwp%2Fv2%2Fmedia&parent=41290"}],"wp:term":[{"taxonomy":"category","embeddable":true,"href":"https:\/\/zonaroja.com.mx\/index.php?rest_route=%2Fwp%2Fv2%2Fcategories&post=41290"},{"taxonomy":"post_tag","embeddable":true,"href":"https:\/\/zonaroja.com.mx\/index.php?rest_route=%2Fwp%2Fv2%2Ftags&post=41290"}],"curies":[{"name":"wp","href":"https:\/\/api.w.org\/{rel}","templated":true}]}}