{"id":41295,"date":"2022-05-17T17:18:41","date_gmt":"2022-05-17T22:18:41","guid":{"rendered":"https:\/\/www.zonaroja.com.mx\/?p=41295"},"modified":"2022-05-17T17:18:54","modified_gmt":"2022-05-17T22:18:54","slug":"inicia-fiscalia-investigacion-contra-quienes-retienen-a-docentes-del-conalep","status":"publish","type":"post","link":"https:\/\/zonaroja.com.mx\/?p=41295","title":{"rendered":"Inicia Fiscal\u00eda investigaci\u00f3n contra quienes retienen a docentes del Conalep"},"content":{"rendered":"\n<p>Redacci\u00f3n\/Zona Roja.&nbsp;<\/p>\n\n\n\n<p>Oaxaca de Ju\u00e1rez, Oax., 17 de mayo de 2022.-&nbsp;La Fiscal\u00eda General del Estado de Oaxaca (FGEO) inici\u00f3 Carpeta de Investigaci\u00f3n correspondiente, debido a que un grupo de profesores est\u00e1n privados de su libertad desde el pasado 15 de mayo del a\u00f1o en curso por pobladores de la agencia de La Mixtequita, perteneciente al municipio de San Juan Mazatl\u00e1n Mixe.<\/p>\n\n\n\n<p>Desde que tuvo conocimiento del caso, la Vicefiscal\u00eda Regional del Istmo intervino e inici\u00f3 la carpeta de investigaci\u00f3n 16909\/FIST\/MATIAS\/2022 por los delitos de privaci\u00f3n ilegal de la libertad como medio de presi\u00f3n a servidores p\u00fablicos y ataque a las v\u00edas de comunicaci\u00f3n.<\/p>\n\n\n\n<p>Esta fue derivada a la Fiscal\u00eda General de la Rep\u00fablica (FGR) debido a que es de competencia federal, ante los bloqueos carreteros realizados desde la referida fecha en los accesos a las comunidades de Tierra Negra, Santiago Tutla y Arroyo Lirio. <\/p>\n\n\n\n<p>Personal de la Fiscal\u00eda General ha participado activamente en las mesas de negociaci\u00f3n con los pobladores, realizando las gestiones pertinentes y agotando los recursos legales necesarios que permitan la liberaci\u00f3n de las personas retenidas, priorizando sus necesidades particulares e integridad.<\/p>\n\n\n\n<p>&nbsp;Asimismo, la FGEO informa que, en primera instancia, 17 profesoras fueron liberadas, quienes se encuentran en buenas condiciones y fueron restituidas a sus lugares de origen, en tanto que se lleg\u00f3 a un acuerdo para que los otros 20 profesores sean liberados lo m\u00e1s pronto posible.<\/p>\n\n\n\n<p>La Fiscal\u00eda General vela por la paz de la ciudadan\u00eda y el Estado de Derecho en la entidad, ponderando el di\u00e1logo y la legalidad.<\/p>\n\n\n\n<p>(Comunicado)<\/p>\n","protected":false},"excerpt":{"rendered":"<p>Redacci\u00f3n\/Zona Roja.&nbsp; Oaxaca de Ju\u00e1rez, Oax., 17 de mayo de 2022.-&nbsp;La Fiscal\u00eda General del Estado&hellip;<\/p>\n","protected":false},"author":2,"featured_media":41212,"comment_status":"closed","ping_status":"open","sticky":false,"template":"","format":"standard","meta":{"_lmt_disableupdate":"","_lmt_disable":"","_jetpack_memberships_contains_paid_content":false,"footnotes":""},"categories":[109,47],"tags":[],"class_list":["post-41295","post","type-post","status-publish","format-standard","has-post-thumbnail","hentry","category-minuto-a-minuto","category-zona-gris"],"jetpack_featured_media_url":"https:\/\/zonaroja.com.mx\/wp-content\/uploads\/2022\/05\/c369072f-8b63-439a-bcd9-fb6f43a0123e.jpg","jetpack_sharing_enabled":true,"_links":{"self":[{"href":"https:\/\/zonaroja.com.mx\/index.php?rest_route=\/wp\/v2\/posts\/41295","targetHints":{"allow":["GET"]}}],"collection":[{"href":"https:\/\/zonaroja.com.mx\/index.php?rest_route=\/wp\/v2\/posts"}],"about":[{"href":"https:\/\/zonaroja.com.mx\/index.php?rest_route=\/wp\/v2\/types\/post"}],"author":[{"embeddable":true,"href":"https:\/\/zonaroja.com.mx\/index.php?rest_route=\/wp\/v2\/users\/2"}],"replies":[{"embeddable":true,"href":"https:\/\/zonaroja.com.mx\/index.php?rest_route=%2Fwp%2Fv2%2Fcomments&post=41295"}],"version-history":[{"count":1,"href":"https:\/\/zonaroja.com.mx\/index.php?rest_route=\/wp\/v2\/posts\/41295\/revisions"}],"predecessor-version":[{"id":41296,"href":"https:\/\/zonaroja.com.mx\/index.php?rest_route=\/wp\/v2\/posts\/41295\/revisions\/41296"}],"wp:featuredmedia":[{"embeddable":true,"href":"https:\/\/zonaroja.com.mx\/index.php?rest_route=\/wp\/v2\/media\/41212"}],"wp:attachment":[{"href":"https:\/\/zonaroja.com.mx\/index.php?rest_route=%2Fwp%2Fv2%2Fmedia&parent=41295"}],"wp:term":[{"taxonomy":"category","embeddable":true,"href":"https:\/\/zonaroja.com.mx\/index.php?rest_route=%2Fwp%2Fv2%2Fcategories&post=41295"},{"taxonomy":"post_tag","embeddable":true,"href":"https:\/\/zonaroja.com.mx\/index.php?rest_route=%2Fwp%2Fv2%2Ftags&post=41295"}],"curies":[{"name":"wp","href":"https:\/\/api.w.org\/{rel}","templated":true}]}}