{"id":41302,"date":"2022-05-17T21:29:44","date_gmt":"2022-05-18T02:29:44","guid":{"rendered":"http:\/\/www.zonaroja.com.mx\/?p=41302"},"modified":"2022-05-17T21:29:45","modified_gmt":"2022-05-18T02:29:45","slug":"afirma-jara-que-primavera-oaxaquena-nace-de-valentia-de-los-jovenes","status":"publish","type":"post","link":"https:\/\/zonaroja.com.mx\/?p=41302","title":{"rendered":"Afirma Jara que primavera oaxaque\u00f1a nace de valent\u00eda de los j\u00f3venes"},"content":{"rendered":"\n<p>Redacci\u00f3n\/Zona Roja.<\/p>\n\n\n\n<p>Oaxaca de Ju\u00e1rez, Oax., 17 de mayo de 2022.- La primavera oaxaque\u00f1a nace de la valent\u00eda y determinaci\u00f3n de las y los j\u00f3venes oaxaque\u00f1os para transformar una realidad que hasta ahora les ha negado oportunidades de desarrollo y es, ahora, nuestro mayor aliciente para hacer realidad un gobierno del cambio verdadero, afirm\u00f3 Salom\u00f3n Jara Cruz, abanderado de la coalici\u00f3n \u00abJuntos Hacemos Historia en Oaxaca\u00bb.<\/p>\n\n\n\n<p>En su visita al municipio de San Juan Ozolotepec, record\u00f3 que los gobiernos neoliberales del PRI y sus aliados del PAN, les negaron el derecho a estudiar y a un trabajo digno y bien remunerado y simplemente los estigmatizaron llam\u00e1ndoles \u00abninis\u00bb.<\/p>\n\n\n\n<p>\u00abPero en 2018, las y los j\u00f3venes se cansaron del PRI y del PAN, y tomaron en sus manos la construcci\u00f3n de un futuro mejor y votaron por ya saben qui\u00e9n\u00bb, apunt\u00f3.<\/p>\n\n\n\n<figure class=\"wp-block-embed is-type-rich is-provider-twitter wp-block-embed-twitter\"><div class=\"wp-block-embed__wrapper\">\n<div class=\"twitter-tweet\"><blockquote class=\"twitter-tweet\" data-lang=\"es\"><p lang=\"es\" dir=\"ltr\">El apoyo decidido del pueblo se refleja en cada una de las comunidades que visitamos. Hoy en Santa Mar\u00eda Ozolotepec el respaldo fue masivo y lleno de entusiasmo, desde aqu\u00ed nos comprometimos a construir un gobierno del pueblo, desde abajo, y vamos a cumplir.<a href=\"https:\/\/twitter.com\/hashtag\/PrimaveraOaxaque%C3%B1a?src=hash&amp;ref_src=twsrc%5Etfw\">#PrimaveraOaxaque\u00f1a<\/a> <a href=\"https:\/\/t.co\/4mcgiBFagI\">pic.twitter.com\/4mcgiBFagI<\/a><\/p>&mdash; Salom\u00f3n Jara Cruz (@salomonj) <a href=\"https:\/\/twitter.com\/salomonj\/status\/1526715720083595264?ref_src=twsrc%5Etfw\">18 de mayo de 2022<\/a><\/blockquote><\/div>\n<\/div><\/figure>\n\n\n\n<p>Dijo que, tambi\u00e9n en Oaxaca, los j\u00f3venes est\u00e1n asumiendo un papel protag\u00f3nico en la revoluci\u00f3n de ideas que representa la transformaci\u00f3n de la vida p\u00fablica de nuestro estado.<\/p>\n\n\n\n<p>\u00abDurante la gira de la esperanza, j\u00f3venes de todos los municipios se han acercado para unirse a este movimiento de transformaci\u00f3n, pero han sido muy claros con nosotros, quieren un gobierno de hechos y no de palabras\u00bb, mencion\u00f3.<\/p>\n\n\n\n<p>Afirm\u00f3 estar seguro que el voto de las y los j\u00f3venes ser\u00e1 para que nuestro estado se sume a la gran transformaci\u00f3n nacional y para enviar al PRI y al PAN al basurero de la historia. Adem\u00e1s de San Juan Ozolotepec, Santo Domingo Ozolotepec, Santa Mar\u00eda Ozolotepec, Salom\u00f3n Jara visit\u00f3 tambi\u00e9n San Jos\u00e9 del Pac\u00edfico R\u00edo Hondo.<\/p>\n\n\n\n<p>\u00abLa primavera oaxaque\u00f1a est\u00e1 floreciendo en el coraz\u00f3n de cada oaxaque\u00f1a y oaxaque\u00f1o, y nada impedir\u00e1 que el pr\u00f3ximo 5 de junio depositen su voto y hagamos historia\u00bb, concluy\u00f3 el candidato a la gubernatura del estado, Salom\u00f3n Jara Cruz.<\/p>\n","protected":false},"excerpt":{"rendered":"<p>Redacci\u00f3n\/Zona Roja. Oaxaca de Ju\u00e1rez, Oax., 17 de mayo de 2022.- La primavera oaxaque\u00f1a nace&hellip;<\/p>\n","protected":false},"author":2,"featured_media":41303,"comment_status":"closed","ping_status":"open","sticky":false,"template":"","format":"standard","meta":{"_lmt_disableupdate":"","_lmt_disable":"","_jetpack_memberships_contains_paid_content":false,"footnotes":""},"categories":[109,46],"tags":[939],"class_list":["post-41302","post","type-post","status-publish","format-standard","has-post-thumbnail","hentry","category-minuto-a-minuto","category-zona-blanca","tag-salomon-jara-cruz"],"jetpack_featured_media_url":"https:\/\/zonaroja.com.mx\/wp-content\/uploads\/2022\/05\/PHOTO-2022-05-17-18-38-44.jpg","jetpack_sharing_enabled":true,"_links":{"self":[{"href":"https:\/\/zonaroja.com.mx\/index.php?rest_route=\/wp\/v2\/posts\/41302","targetHints":{"allow":["GET"]}}],"collection":[{"href":"https:\/\/zonaroja.com.mx\/index.php?rest_route=\/wp\/v2\/posts"}],"about":[{"href":"https:\/\/zonaroja.com.mx\/index.php?rest_route=\/wp\/v2\/types\/post"}],"author":[{"embeddable":true,"href":"https:\/\/zonaroja.com.mx\/index.php?rest_route=\/wp\/v2\/users\/2"}],"replies":[{"embeddable":true,"href":"https:\/\/zonaroja.com.mx\/index.php?rest_route=%2Fwp%2Fv2%2Fcomments&post=41302"}],"version-history":[{"count":1,"href":"https:\/\/zonaroja.com.mx\/index.php?rest_route=\/wp\/v2\/posts\/41302\/revisions"}],"predecessor-version":[{"id":41304,"href":"https:\/\/zonaroja.com.mx\/index.php?rest_route=\/wp\/v2\/posts\/41302\/revisions\/41304"}],"wp:featuredmedia":[{"embeddable":true,"href":"https:\/\/zonaroja.com.mx\/index.php?rest_route=\/wp\/v2\/media\/41303"}],"wp:attachment":[{"href":"https:\/\/zonaroja.com.mx\/index.php?rest_route=%2Fwp%2Fv2%2Fmedia&parent=41302"}],"wp:term":[{"taxonomy":"category","embeddable":true,"href":"https:\/\/zonaroja.com.mx\/index.php?rest_route=%2Fwp%2Fv2%2Fcategories&post=41302"},{"taxonomy":"post_tag","embeddable":true,"href":"https:\/\/zonaroja.com.mx\/index.php?rest_route=%2Fwp%2Fv2%2Ftags&post=41302"}],"curies":[{"name":"wp","href":"https:\/\/api.w.org\/{rel}","templated":true}]}}