{"id":41305,"date":"2022-05-17T21:58:48","date_gmt":"2022-05-18T02:58:48","guid":{"rendered":"http:\/\/www.zonaroja.com.mx\/?p=41305"},"modified":"2022-05-17T21:58:51","modified_gmt":"2022-05-18T02:58:51","slug":"opinion-oaxaca-las-impresiones-del-debate","status":"publish","type":"post","link":"https:\/\/zonaroja.com.mx\/?p=41305","title":{"rendered":"Opini\u00f3n. Oaxaca: las impresiones del debate"},"content":{"rendered":"\n<p>Adri\u00e1n Ortiz Romero\u00a0Cuevas<\/p>\n\n\n\n<p>La&nbsp;tarde&nbsp;de ayer&nbsp;15 de mayo&nbsp;se realiz\u00f3 el&nbsp;\u00fanico debate entre candidatos a la gubernatura&nbsp;de Oaxaca&nbsp;que,&nbsp;dadas las&nbsp;circunstancias,&nbsp;estar\u00e1 en condiciones de realizar el Instituto Estatal Electoral y de Participaci\u00f3n Ciudadana de Oaxaca.&nbsp;<\/p>\n\n\n\n<p>Aunque el ejercicio&nbsp;intent\u00f3 poner en la picota algunos de los temas sustantivos m\u00e1s importantes para el debate electoral, lo cierto es que tanto la organizaci\u00f3n del debate,&nbsp;como las propuestas y las&nbsp;posturas de los aspirantes,&nbsp;le quedaron mucho a deber a la ciudadan\u00eda oaxaque\u00f1a.&nbsp;Veamos&nbsp;algunas impresiones.<\/p>\n\n\n\n<p>1.&nbsp;El&nbsp;formato.&nbsp;Es&nbsp;cierto que la autoridad electoral tiene&nbsp;el deber de procurar la equidad&nbsp;en los tiempos y las formas en las que&nbsp;participan todos los candidatos.&nbsp;Sin&nbsp;embargo,&nbsp;siguen sin encontrar la f\u00f3rmula que equilibre&nbsp;un ejercicio de debate en el que no prive la rigidez y el acartonamiento.&nbsp;No&nbsp;hay un debate verdadero,&nbsp;cuando no&nbsp;se ponen las condiciones&nbsp;m\u00ednimas&nbsp;para que&nbsp;el contraste de ideas pueda ser sustantivo&nbsp;entre los candidatos,&nbsp;y para que los temas no se desv\u00eden&nbsp;\u2014accidental o deliberadamente\u2014&nbsp;en el intercambio&nbsp;personal&nbsp;entre los aspirantes.&nbsp;La&nbsp;ciudadan\u00eda escuch\u00f3 ataques inopinados entre ellos; fue testigo de m\u00e1s silencios que ideas frente a&nbsp;cuestionamientos sobre propuestas y pol\u00edticas de gobierno;&nbsp;y los&nbsp;candidatos ofrecieron&nbsp;una cantidad inmensa de lugares comunes con los que&nbsp;intentaron sustituir&nbsp;\u2014y esconder\u2014&nbsp;su falta de proyecto frente a los problemas de la entidad.<\/p>\n\n\n\n<p>2.&nbsp;La&nbsp;conducci\u00f3n del debate.&nbsp;Fue&nbsp;la periodista&nbsp;Carolina Hern\u00e1ndez Sol\u00eds,&nbsp;de C\u00f3digo Magenta,&nbsp;la encargada&nbsp;de moderar el debate.&nbsp;\u00bfLo destacable?&nbsp;Que&nbsp;el formato aprobado por la&nbsp;Comisi\u00f3n Temporal de Comunicaci\u00f3n del IEEPCO era tan r\u00edgido, que era&nbsp;por dem\u00e1s improbable que hubiera alg\u00fan imprevisto.&nbsp;Hubo&nbsp;un control estricto&nbsp;\u2014y qu\u00e9 bueno\u2014&nbsp;de las c\u00e1maras y los micr\u00f3fonos&nbsp;frente a los intentos de los candidatos por rebasar&nbsp;los&nbsp;tiempos&nbsp;o las formas&nbsp;de sus participaciones, y por eso&nbsp;en&nbsp;la conducci\u00f3n del debate&nbsp;no hubo sorpresas. \u00bfLo cuestionable?&nbsp;La&nbsp;moderadora del debate&nbsp;se equivoc\u00f3 en varias ocasiones al nombrar a los candidatos&nbsp;y no fue capaz de argumentar algo fuera de lo&nbsp;contenido en&nbsp;el&nbsp;guion&nbsp;que&nbsp;previamente le proporcion\u00f3 la autoridad electoral.&nbsp;<\/p>\n\n\n\n<p>3.&nbsp;La&nbsp;for\u00e1nea conducci\u00f3n del debate. Un punto relevante: no es chovinismo ni mucho menos, pero valdr\u00eda la pena que el IEEPCO considerara la invitaci\u00f3n&nbsp;a&nbsp;actores locales&nbsp;\u2014periodistas, acad\u00e9micos, intelectuales, etc\u00e9tera\u2014&nbsp;para moderar&nbsp;los&nbsp;encuentros&nbsp;entre candidatos.&nbsp;Es&nbsp;incre\u00edble que se siga prefiriendo&nbsp;a personas tra\u00eddas de otras entidades,&nbsp;por ese solo hecho, cuando eso resulta&nbsp;m\u00e1s costoso&nbsp;y no otorga ninguna garant\u00eda respecto a que&nbsp;la persona&nbsp;conductora del debate&nbsp;conozca el ambiente, los personajes y el contexto&nbsp;pol\u00edtico&nbsp;\u2014tanto de los partidos y candidatos, como de la entidad\u2014&nbsp;del&nbsp;encuentro&nbsp;que va a moderar.&nbsp;Ayer&nbsp;se dio una demostraci\u00f3n m\u00e1s de&nbsp;las consecuencias de&nbsp;esa tozudez por&nbsp;preferir&nbsp;a personajes&nbsp;for\u00e1neos,&nbsp;frente a una posible oferta local de conducci\u00f3n que no ser\u00eda nada despreciable.<\/p>\n\n\n\n<p>4.&nbsp;Los&nbsp;ataques.&nbsp;Alejandra&nbsp;Garc\u00eda Morl\u00e1n y Natividad&nbsp;D\u00edaz Jim\u00e9nez fueron&nbsp;a jugar su papel de atacantes.&nbsp;Lo&nbsp;hicieron&nbsp;incluso sin que&nbsp;mediara&nbsp;provocaci\u00f3n&nbsp;por parte de los candidatos punteros en las encuestas&nbsp;e iban preparado para&nbsp;eso m\u00e1s que para debatir ideas y propuestas.&nbsp;Es&nbsp;entendible su postura&nbsp;\u2014mas no justificable\u2014&nbsp;en el contexto de que&nbsp;ambas necesitan&nbsp;alcanzar una votaci\u00f3n m\u00ednima&nbsp;decente que les permita seguir vivas en sus partidos rumbo a&nbsp;las elecciones federales de 2024 donde buscar\u00e1n capitalizar lo poco o mucho que puedan hacer aqu\u00ed.&nbsp;Qui\u00e9n&nbsp;sabe si&nbsp;los ataques vertidos en el debate les redit\u00faen&nbsp;en algo frente&nbsp;a los electores.&nbsp;Pero&nbsp;lo que s\u00ed&nbsp;demostraron&nbsp;es&nbsp;su preferencia por el pleito frente a las ideas.<\/p>\n\n\n\n<p>5.&nbsp;Los&nbsp;\u201cpunteros\u201d.&nbsp;Tanto&nbsp;Salom\u00f3n Jara como Alejandro Avil\u00e9s, de Morena y el PRI-PRD respectivamente, iban preparados para dar y recibir ataques, pero sobre todo para ser blanco de los candidatos de los&nbsp;otros partidos.&nbsp;Jara&nbsp;se dedic\u00f3 a esquivar los se\u00f1alamientos de todos los aspirantes bajo el gui\u00f3n exacto de la 4T: prometer&nbsp;a los oaxaque\u00f1os&nbsp;lo mismo que ha&nbsp;dicho siempre el eterno candidato presidencial Andr\u00e9s Manuel L\u00f3pez Obrador,&nbsp;y omitir todos los dem\u00e1s se\u00f1alamientos y cuestionamientos.&nbsp;Le&nbsp;cuestionaron&nbsp;la presencia de sus hermanos&nbsp;\u2014aspecto que&nbsp;s\u00ed debe cuidar si no quiere terminar siendo un&nbsp;\u00e9mulo de la&nbsp;llamada&nbsp;\u2018familia&nbsp;real\u2019de la UABJO\u2014,&nbsp;los antecedentes&nbsp;de sus&nbsp;operadores pol\u00edticos y de su trabajo legislativo.&nbsp;\u00c9l, incluso en momentos en tono socarr\u00f3n, s\u00f3lo esquiv\u00f3 los ataques y&nbsp;s\u00f3lo&nbsp;en&nbsp;alg\u00fan&nbsp;momento&nbsp;lanz\u00f3&nbsp;un discreto ataque a Avil\u00e9s.&nbsp;\u00c9ste&nbsp;por su parte fue m\u00e1s abierto en&nbsp;los se\u00f1alamientos a Jara,&nbsp;pero tuvo que&nbsp;resentir&nbsp;las consecuencias naturales del desgaste&nbsp;y los errores del gobierno actual, que le fueron&nbsp;adjudicadas a&nbsp;\u00e9l por&nbsp;ocupar esa posici\u00f3n&nbsp;tan&nbsp;parad\u00f3jica de ser&nbsp;el candidato del oficialismo oaxaque\u00f1o, que&nbsp;hoy se ve m\u00e1s cargado&nbsp;en la&nbsp;preferencia hacia Morena que hacia el PRI.<\/p>\n\n\n\n<p>6.&nbsp;Los&nbsp;disparates.&nbsp;Al&nbsp;candidato ind\u00edgena independiente Jes\u00fas L\u00f3pez Rodr\u00edguez le urge que alguien le d\u00e9 un curso b\u00e1sico de derecho constitucional, o que al menos le expliquen que:&nbsp;a) la pena de muerte est\u00e1 prohibida expresamente en la Constituci\u00f3n federal y los tratados internacionales de los que&nbsp;el Estado mexicano es parte; b) que por esa prohibici\u00f3n expresa&nbsp;en todo el pa\u00eds, ser\u00eda imposible volver a legislarla; c) que&nbsp;legislar&nbsp;lo anterior no ser\u00eda&nbsp;tarea de un Ejecutivo estatal, como lo que&nbsp;\u00e9l aspira&nbsp;a ser, sino del Congreso; d) que&nbsp;Oaxaca ya es un estado libre y soberano; e) que su&nbsp;sola&nbsp;idea de&nbsp;\u201cindependizar\u201d&nbsp;a Oaxaca&nbsp;\u2014idea que nos queda claro que no ha pensado en su dimensi\u00f3n real\u2014&nbsp;es&nbsp;una&nbsp;peligrosa&nbsp;semilla de separatismo&nbsp;que traer\u00eda mucho dolor y&nbsp;miseria para los oaxaque\u00f1os; f) que, independientemente de que lo sepa o no, el art\u00edculo 2 de la&nbsp;Constituci\u00f3n federal, garantiza que la naci\u00f3n mexicana&nbsp;es&nbsp;\u00fanica e indivisible por&nbsp;lo que esa&nbsp;propuesta es, adem\u00e1s,&nbsp;un disparate; g) que no est\u00e1 mal que hable de&nbsp;una nueva Constituci\u00f3n, pero lo que es lamentable es que confunda eso con un nuevo Estado oaxaque\u00f1o o, a\u00fan peor, con&nbsp;un nuevo pa\u00eds.&nbsp;Si&nbsp;no tiene ideas asequibles, y si en&nbsp;\u00e9l priva la ignorancia, deber\u00eda asesorarse mejor para no hacer quedar las candidaturas ind\u00edgenas como una burla para la inteligencia&nbsp;de los oaxaque\u00f1os, porque con sus disparates no s\u00f3lo queda mal&nbsp;\u00e9l sino esta novedosa&nbsp;\u2014aunque claramente despreciada hasta por la ley\u2014&nbsp;figura democr\u00e1tica.<\/p>\n\n\n\n<p>7.&nbsp;No&nbsp;hay ganadores.&nbsp;Acaso&nbsp;el m\u00e1s prudente y claro en sus ideas fue el candidato&nbsp;ind\u00edgena independiente Mauricio Cruz Vargas.&nbsp;Fue&nbsp;el&nbsp;\u00fanico que no se enganch\u00f3 en ataques y estableci\u00f3 algunos puntos de referencia, desde la perspectiva del indigenismo y el&nbsp;asamble\u00edsmo&nbsp;de los pueblos oaxaque\u00f1os,&nbsp;que deb\u00edan ser considerados por cualquiera que gobierne&nbsp;Oaxaca.<\/p>\n\n\n\n<p>EPITAFIO<\/p>\n\n\n\n<p>En el debate&nbsp;se habr\u00eda agradecido que los candidatos explicaran temas como las cuentas pendientes en sus&nbsp;respectivas gestiones como servidores p\u00fablicos;&nbsp;o&nbsp;en qu\u00e9 sanciones administrativas terminaron&nbsp;los faltantes en la Secretar\u00eda de Agricultura, o&nbsp;episodios como el del uso de un avi\u00f3n&nbsp;gubernamental por particulares.&nbsp;Se&nbsp;supone que esos se\u00f1alamientos&nbsp;tuvieron como consecuencia procedimientos administrativos hoy concluidos. \u00bfDe verdad los hubo?&nbsp;\u00bfO todo fue parte&nbsp;\u2014tambi\u00e9n\u2014&nbsp;de&nbsp;arreglos pol\u00edticos?&nbsp;<\/p>\n\n\n\n<p>http:\/\/columnaalmargen.mx<\/p>\n\n\n\n<p>@columnaalmargen<\/p>\n\n\n\n<p>@ortizromeroc<\/p>\n","protected":false},"excerpt":{"rendered":"<p>Adri\u00e1n Ortiz Romero\u00a0Cuevas La&nbsp;tarde&nbsp;de ayer&nbsp;15 de mayo&nbsp;se realiz\u00f3 el&nbsp;\u00fanico debate entre candidatos a la gubernatura&nbsp;de&hellip;<\/p>\n","protected":false},"author":2,"featured_media":36612,"comment_status":"closed","ping_status":"open","sticky":false,"template":"","format":"standard","meta":{"_lmt_disableupdate":"","_lmt_disable":"","_jetpack_memberships_contains_paid_content":false,"footnotes":""},"categories":[456,109],"tags":[2994],"class_list":["post-41305","post","type-post","status-publish","format-standard","has-post-thumbnail","hentry","category-columna","category-minuto-a-minuto","tag-adrian-ortiz-romero-cuevas"],"jetpack_featured_media_url":"https:\/\/zonaroja.com.mx\/wp-content\/uploads\/2022\/01\/Adrian-Ortiz-Romero.jpg","jetpack_sharing_enabled":true,"_links":{"self":[{"href":"https:\/\/zonaroja.com.mx\/index.php?rest_route=\/wp\/v2\/posts\/41305","targetHints":{"allow":["GET"]}}],"collection":[{"href":"https:\/\/zonaroja.com.mx\/index.php?rest_route=\/wp\/v2\/posts"}],"about":[{"href":"https:\/\/zonaroja.com.mx\/index.php?rest_route=\/wp\/v2\/types\/post"}],"author":[{"embeddable":true,"href":"https:\/\/zonaroja.com.mx\/index.php?rest_route=\/wp\/v2\/users\/2"}],"replies":[{"embeddable":true,"href":"https:\/\/zonaroja.com.mx\/index.php?rest_route=%2Fwp%2Fv2%2Fcomments&post=41305"}],"version-history":[{"count":1,"href":"https:\/\/zonaroja.com.mx\/index.php?rest_route=\/wp\/v2\/posts\/41305\/revisions"}],"predecessor-version":[{"id":41306,"href":"https:\/\/zonaroja.com.mx\/index.php?rest_route=\/wp\/v2\/posts\/41305\/revisions\/41306"}],"wp:featuredmedia":[{"embeddable":true,"href":"https:\/\/zonaroja.com.mx\/index.php?rest_route=\/wp\/v2\/media\/36612"}],"wp:attachment":[{"href":"https:\/\/zonaroja.com.mx\/index.php?rest_route=%2Fwp%2Fv2%2Fmedia&parent=41305"}],"wp:term":[{"taxonomy":"category","embeddable":true,"href":"https:\/\/zonaroja.com.mx\/index.php?rest_route=%2Fwp%2Fv2%2Fcategories&post=41305"},{"taxonomy":"post_tag","embeddable":true,"href":"https:\/\/zonaroja.com.mx\/index.php?rest_route=%2Fwp%2Fv2%2Ftags&post=41305"}],"curies":[{"name":"wp","href":"https:\/\/api.w.org\/{rel}","templated":true}]}}