{"id":41310,"date":"2022-05-17T22:16:43","date_gmt":"2022-05-18T03:16:43","guid":{"rendered":"http:\/\/www.zonaroja.com.mx\/?p=41310"},"modified":"2022-05-17T22:16:44","modified_gmt":"2022-05-18T03:16:44","slug":"matan-a-otras-dos-mujeres-en-oaxaca-ahora-en-loxicha","status":"publish","type":"post","link":"https:\/\/zonaroja.com.mx\/?p=41310","title":{"rendered":"Matan a otras dos mujeres en Oaxaca, ahora en Loxicha"},"content":{"rendered":"\n<p>Redacci\u00f3n\/Zona Roja.<\/p>\n\n\n\n<p>Oaxaca de Ju\u00e1rez, Oax., 17 de mayo de 2022.- Un tercer probable feminicidio se registr\u00f3 en Oaxaca esta semana, ahora en la regi\u00f3n Sierra Sur del estado.<\/p>\n\n\n\n<p>De acuerdo con informes preliminares, una madre y su hija fueron atacadas con un machete en el interior de su vivienda, ubicada en Santa Catarina Loxicha, en la regi\u00f3n Costa.<\/p>\n\n\n\n<p>Vecinos dieron aviso a los polic\u00edas municipales, quienes arribaron al sitio y hallaron los cuerpos ensangrentados; tras ello, param\u00e9dicos corroboraron que ya no contaban con signos vitales.<\/p>\n\n\n\n<p>La Vicefiscal\u00eda Regional de la Costa inici\u00f3 las indagatorias respectivas bajo los protocolos de feminicidio.<\/p>\n\n\n\n<p>Apenas la noche del domingo, otra mujer fue asesinada a golpes, en su domicilio ubicado en la Villa de Etla, municipio de la regi\u00f3n Valles Centrales de Oaxaca. En este \u00faltimo caso polic\u00edas municipales lograron detener al agresor.<\/p>\n","protected":false},"excerpt":{"rendered":"<p>Redacci\u00f3n\/Zona Roja. Oaxaca de Ju\u00e1rez, Oax., 17 de mayo de 2022.- Un tercer probable feminicidio&hellip;<\/p>\n","protected":false},"author":2,"featured_media":3125,"comment_status":"closed","ping_status":"open","sticky":false,"template":"","format":"standard","meta":{"_lmt_disableupdate":"","_lmt_disable":"","_jetpack_memberships_contains_paid_content":false,"footnotes":""},"categories":[109,51],"tags":[3138],"class_list":["post-41310","post","type-post","status-publish","format-standard","has-post-thumbnail","hentry","category-minuto-a-minuto","category-zona-roja","tag-santa-catarina-loxicha"],"jetpack_featured_media_url":"https:\/\/zonaroja.com.mx\/wp-content\/uploads\/2019\/08\/Machetazo.jpg","jetpack_sharing_enabled":true,"_links":{"self":[{"href":"https:\/\/zonaroja.com.mx\/index.php?rest_route=\/wp\/v2\/posts\/41310","targetHints":{"allow":["GET"]}}],"collection":[{"href":"https:\/\/zonaroja.com.mx\/index.php?rest_route=\/wp\/v2\/posts"}],"about":[{"href":"https:\/\/zonaroja.com.mx\/index.php?rest_route=\/wp\/v2\/types\/post"}],"author":[{"embeddable":true,"href":"https:\/\/zonaroja.com.mx\/index.php?rest_route=\/wp\/v2\/users\/2"}],"replies":[{"embeddable":true,"href":"https:\/\/zonaroja.com.mx\/index.php?rest_route=%2Fwp%2Fv2%2Fcomments&post=41310"}],"version-history":[{"count":1,"href":"https:\/\/zonaroja.com.mx\/index.php?rest_route=\/wp\/v2\/posts\/41310\/revisions"}],"predecessor-version":[{"id":41311,"href":"https:\/\/zonaroja.com.mx\/index.php?rest_route=\/wp\/v2\/posts\/41310\/revisions\/41311"}],"wp:featuredmedia":[{"embeddable":true,"href":"https:\/\/zonaroja.com.mx\/index.php?rest_route=\/wp\/v2\/media\/3125"}],"wp:attachment":[{"href":"https:\/\/zonaroja.com.mx\/index.php?rest_route=%2Fwp%2Fv2%2Fmedia&parent=41310"}],"wp:term":[{"taxonomy":"category","embeddable":true,"href":"https:\/\/zonaroja.com.mx\/index.php?rest_route=%2Fwp%2Fv2%2Fcategories&post=41310"},{"taxonomy":"post_tag","embeddable":true,"href":"https:\/\/zonaroja.com.mx\/index.php?rest_route=%2Fwp%2Fv2%2Ftags&post=41310"}],"curies":[{"name":"wp","href":"https:\/\/api.w.org\/{rel}","templated":true}]}}