{"id":41317,"date":"2022-05-18T07:54:39","date_gmt":"2022-05-18T12:54:39","guid":{"rendered":"http:\/\/www.zonaroja.com.mx\/?p=41317"},"modified":"2022-05-18T07:54:43","modified_gmt":"2022-05-18T12:54:43","slug":"propuestas-de-campana-seran-determinantes-para-lograr-el-triunfo-aaa","status":"publish","type":"post","link":"https:\/\/zonaroja.com.mx\/?p=41317","title":{"rendered":"Propuestas de campa\u00f1a ser\u00e1n determinantes para lograr el triunfo: AAA"},"content":{"rendered":"\n<p>Redacci\u00f3n\/Zona Roja.<\/p>\n\n\n\n<p>Oaxaca de Ju\u00e1rez, Oax. 17 de mayo de 2022. Al participar en encuentros masivos con la fuerza y respaldo de la estructura y militancia priista de los Valles Centrales, el candidato del PRI-PRD a la gubernatura de Oaxaca, Alejandro Avil\u00e9s \u00c1lvarez sostuvo que sus propuestas sensibles a los planteamientos ciudadanos, ser\u00e1n determinantes para concretar el triunfo en las urnas contundentemente el pr\u00f3ximo 5 de junio. &nbsp;<\/p>\n\n\n\n<p>\u201cCada voto en las urnas es una cl\u00ednica que vamos a equipar, cada voto son medicamentos, son empleos, es un aula, es alumbrado p\u00fablico de las colonias, es introducci\u00f3n de agua potable. Cada voto es una beca para sus hijos, es el apoyo del 30 por ciento para el pago del gas, es una estancia infantil; porque este proyecto es m\u00e1s grande que todos, este proyecto se llama Oaxaca\u201d, recalc\u00f3.&nbsp;<\/p>\n\n\n\n<p>El candidato tricolor, asever\u00f3 que gobernar\u00e1 de la mano de la sociedad que le ha brindado su respaldo en las ocho regiones de Oaxaca, porque sus propuestas se han conformado con el sentir y necesidades de todas y de todos los oaxaque\u00f1os, y a su vez representan un reto y una tarea de alta responsabilidad.&nbsp;<\/p>\n\n\n\n<p>\u201cPor eso tenemos propuestas serias y reales, porque he escuchado lo que la gente necesita; porque yo los veo a ustedes de frente, porque esa debe ser la actitud del gobierno; directo con la gente, directo con los pueblos, directo con los que m\u00e1s necesitan, ese es nuestro trabajo\u201d, enfatiz\u00f3.&nbsp;<\/p>\n\n\n\n<p>En ese sentido, Alejandro Avil\u00e9s manifest\u00f3 que en los pr\u00f3ximos seis a\u00f1os trabajar\u00e1 incansablemente en los 570 municipios del estado, con el objetivo de brindar mejores oportunidades de desarrollo y progreso para todas las familias, sin que nadie se quede fuera de los programas y acciones que su administraci\u00f3n ejecutar\u00e1.&nbsp;<\/p>\n\n\n\n<p>\u201cNuestro proyecto ha demostrado que la suma de esfuerzos, as\u00ed como la participaci\u00f3n colectiva, tiene resultados favorables para todos: j\u00f3venes, mujeres, emprendedores, agricultores y en general todos los sectores que componen nuestra sociedad. Es con la capacidad y voluntad de las y los oaxaque\u00f1os como vamos a enfrentar cada reto que tiene nuestra tierra\u201d, agreg\u00f3.&nbsp;<\/p>\n\n\n\n<p>Cabe destacar que durante los pr\u00f3ximos d\u00edas, Alejandro Avil\u00e9s recorrer\u00e1 nuevamente las ocho regiones del estado, donde celebrar\u00e1 precierres de su campa\u00f1a rumbo al cierre final que ser\u00e1 en la ciudad de Oaxaca. &nbsp;<\/p>\n","protected":false},"excerpt":{"rendered":"<p>Redacci\u00f3n\/Zona Roja. Oaxaca de Ju\u00e1rez, Oax. 17 de mayo de 2022. Al participar en encuentros&hellip;<\/p>\n","protected":false},"author":2,"featured_media":41318,"comment_status":"closed","ping_status":"open","sticky":false,"template":"","format":"standard","meta":{"_lmt_disableupdate":"","_lmt_disable":"","_jetpack_memberships_contains_paid_content":false,"footnotes":""},"categories":[109,46],"tags":[316],"class_list":["post-41317","post","type-post","status-publish","format-standard","has-post-thumbnail","hentry","category-minuto-a-minuto","category-zona-blanca","tag-alejandro-aviles-alvarez"],"jetpack_featured_media_url":"https:\/\/zonaroja.com.mx\/wp-content\/uploads\/2022\/05\/Alejandro-Aviles-campana-1.jpg","jetpack_sharing_enabled":true,"_links":{"self":[{"href":"https:\/\/zonaroja.com.mx\/index.php?rest_route=\/wp\/v2\/posts\/41317","targetHints":{"allow":["GET"]}}],"collection":[{"href":"https:\/\/zonaroja.com.mx\/index.php?rest_route=\/wp\/v2\/posts"}],"about":[{"href":"https:\/\/zonaroja.com.mx\/index.php?rest_route=\/wp\/v2\/types\/post"}],"author":[{"embeddable":true,"href":"https:\/\/zonaroja.com.mx\/index.php?rest_route=\/wp\/v2\/users\/2"}],"replies":[{"embeddable":true,"href":"https:\/\/zonaroja.com.mx\/index.php?rest_route=%2Fwp%2Fv2%2Fcomments&post=41317"}],"version-history":[{"count":1,"href":"https:\/\/zonaroja.com.mx\/index.php?rest_route=\/wp\/v2\/posts\/41317\/revisions"}],"predecessor-version":[{"id":41319,"href":"https:\/\/zonaroja.com.mx\/index.php?rest_route=\/wp\/v2\/posts\/41317\/revisions\/41319"}],"wp:featuredmedia":[{"embeddable":true,"href":"https:\/\/zonaroja.com.mx\/index.php?rest_route=\/wp\/v2\/media\/41318"}],"wp:attachment":[{"href":"https:\/\/zonaroja.com.mx\/index.php?rest_route=%2Fwp%2Fv2%2Fmedia&parent=41317"}],"wp:term":[{"taxonomy":"category","embeddable":true,"href":"https:\/\/zonaroja.com.mx\/index.php?rest_route=%2Fwp%2Fv2%2Fcategories&post=41317"},{"taxonomy":"post_tag","embeddable":true,"href":"https:\/\/zonaroja.com.mx\/index.php?rest_route=%2Fwp%2Fv2%2Ftags&post=41317"}],"curies":[{"name":"wp","href":"https:\/\/api.w.org\/{rel}","templated":true}]}}