{"id":41324,"date":"2022-05-18T08:34:28","date_gmt":"2022-05-18T13:34:28","guid":{"rendered":"http:\/\/www.zonaroja.com.mx\/?p=41324"},"modified":"2022-05-18T15:57:34","modified_gmt":"2022-05-18T20:57:34","slug":"edil-de-miahuatlan-que-exige-justicia-para-su-padre-es-acusado-de-violentar-a-mujeres","status":"publish","type":"post","link":"https:\/\/zonaroja.com.mx\/?p=41324","title":{"rendered":"Edil de Miahuatl\u00e1n que exige justicia para su padre es acusado de violentar a mujeres"},"content":{"rendered":"\n<p>Redacci\u00f3n\/Zona Roja.<\/p>\n\n\n\n<p>Oaxaca de Ju\u00e1rez, Oax., 18 de junio de 2022.- Jos\u00e9 Alberto Mart\u00ednez Luna, edil de Miahuatl\u00e1n de Porfirio D\u00edaz y quien ha exigido junto con el Frente Popular Revolucionario (FPR), justicia para su padre Tom\u00e1s Mart\u00ednez, es acusado de violencia de g\u00e9nero en contra de funcionarias del ayuntamiento.<\/p>\n\n\n\n<p>De acuerdo con las denunciantes, la regidora de Obras P\u00fablicas, Xitlalli Asunci\u00f3n Garc\u00eda Silva, y la directora de Educaci\u00f3n, Cultura y Deportes, Yuliana Venegas Ram\u00edrez, a cinco meses del gobierno municipal, no les han permitido ejercer el cargo.<\/p>\n\n\n\n<p>Por ello, adem\u00e1s de hacer la denuncia p\u00fablica, interpusieron un juicio por violencia pol\u00edtica de g\u00e9nero ante el Tribunal Electoral del Estado de Oaxaca, as\u00ed como un Procedimiento Especial Sancionador por Violencia Pol\u00edtica contra las Mujeres por Raz\u00f3n de G\u00e9nero ante el Instituto Estatal Electoral y de Participaci\u00f3n Ciudadana (IEEPCO).<\/p>\n\n\n\n<p>Acusaron que el edil Jos\u00e9 Alberto Mart\u00ednez Luna ha optado menospreciar a las mujeres, pese a que una de ellas forma parte del Cabildo y la otra tiene nombramiento firmado y sellado por la autoridad municipal.<\/p>\n\n\n\n<figure class=\"wp-block-embed is-type-rich is-provider-twitter wp-block-embed-twitter\"><div class=\"wp-block-embed__wrapper\">\n<div class=\"twitter-tweet\"><blockquote class=\"twitter-tweet\" data-lang=\"es\"><p lang=\"es\" dir=\"ltr\">Una regidora y una funcionaria del ayuntamiento de <a href=\"https:\/\/twitter.com\/hashtag\/Miahuatl%C3%A1n?src=hash&amp;ref_src=twsrc%5Etfw\">#Miahuatl\u00e1n<\/a> de Porfirio D\u00edaz, <a href=\"https:\/\/twitter.com\/hashtag\/Oaxaca?src=hash&amp;ref_src=twsrc%5Etfw\">#Oaxaca<\/a>, denunciaron a edil Jos\u00e9 Alberto Mart\u00ednez de violencia pol\u00edtica y de g\u00e9nero, adem\u00e1s de nepotismo y favoritismos al <a href=\"https:\/\/twitter.com\/FPR_OAXACA?ref_src=twsrc%5Etfw\">@FPR_OAXACA<\/a>. <br>Video: Ojo de Agua. <a href=\"https:\/\/t.co\/3KKbRFsToA\">pic.twitter.com\/3KKbRFsToA<\/a><\/p>&mdash; Zona Roja Oaxaca (@ZonaRoja_Oaxaca) <a href=\"https:\/\/twitter.com\/ZonaRoja_Oaxaca\/status\/1526940093298139137?ref_src=twsrc%5Etfw\">18 de mayo de 2022<\/a><\/blockquote><\/div>\n<\/div><\/figure>\n\n\n\n<p>No obstante, no ha permitido a ambas ejercer el cargo y, por el contrario, el presidente municipal ha permitido que el director de Obras P\u00fablicas, Jes\u00fas Arellanes Avenda\u00f1o, usurpe sus funciones, lo cual es totalmente violatorio de la ley.<\/p>\n\n\n\n<p>Indicaron que aunque fue impulsado por el Partido Unidad Popular (PUP), el edil ha nombrado s\u00f3lo a militantes del FPR en diversos cargos.<\/p>\n\n\n\n<p>Xitlalli Garc\u00eda precis\u00f3 que a la fecha no ha firmado expediente t\u00e9cnico de obras alguno y se le ha negado informaci\u00f3n sobre los mismos.<\/p>\n\n\n\n<p>Por el contrario, el pasado 26 de febrero el Director de Obras, sin consultarle, sell\u00f3 las puertas que comunican su oficina con la de ellos con el fin de mantenerla incomunicada.<\/p>\n\n\n\n<p>Mientras que en el caso de la directora de Educaci\u00f3n, Cultura y Deportes, Yuliana Venegas Ram\u00edrez, ya se le pidi\u00f3 desalojar sus oficinas, pese a que tiene nombramiento oficial, y el presidente municipal intenta imponer en su lugar a Carlos Javier Castro.<\/p>\n\n\n\n<p>Por ello, exigieron a las autoridades correspondientes intervenir y sancionar al edil de Miahuatl\u00e1n de Porfirio D\u00edaz, quien se ampara en las siglas del FPR para seguir en la impunidad.<\/p>\n","protected":false},"excerpt":{"rendered":"<p>Redacci\u00f3n\/Zona Roja. Oaxaca de Ju\u00e1rez, Oax., 18 de junio de 2022.- Jos\u00e9 Alberto Mart\u00ednez Luna,&hellip;<\/p>\n","protected":false},"author":2,"featured_media":41325,"comment_status":"closed","ping_status":"open","sticky":false,"template":"","format":"standard","meta":{"_lmt_disableupdate":"","_lmt_disable":"","_jetpack_memberships_contains_paid_content":false,"footnotes":""},"categories":[109,47],"tags":[3139],"class_list":["post-41324","post","type-post","status-publish","format-standard","has-post-thumbnail","hentry","category-minuto-a-minuto","category-zona-gris","tag-jose-alberto-martinez-luna"],"jetpack_featured_media_url":"https:\/\/zonaroja.com.mx\/wp-content\/uploads\/2022\/05\/Jose-Alberto-Martinez-Luna-Miahuatlan.jpg","jetpack_sharing_enabled":true,"_links":{"self":[{"href":"https:\/\/zonaroja.com.mx\/index.php?rest_route=\/wp\/v2\/posts\/41324","targetHints":{"allow":["GET"]}}],"collection":[{"href":"https:\/\/zonaroja.com.mx\/index.php?rest_route=\/wp\/v2\/posts"}],"about":[{"href":"https:\/\/zonaroja.com.mx\/index.php?rest_route=\/wp\/v2\/types\/post"}],"author":[{"embeddable":true,"href":"https:\/\/zonaroja.com.mx\/index.php?rest_route=\/wp\/v2\/users\/2"}],"replies":[{"embeddable":true,"href":"https:\/\/zonaroja.com.mx\/index.php?rest_route=%2Fwp%2Fv2%2Fcomments&post=41324"}],"version-history":[{"count":3,"href":"https:\/\/zonaroja.com.mx\/index.php?rest_route=\/wp\/v2\/posts\/41324\/revisions"}],"predecessor-version":[{"id":41343,"href":"https:\/\/zonaroja.com.mx\/index.php?rest_route=\/wp\/v2\/posts\/41324\/revisions\/41343"}],"wp:featuredmedia":[{"embeddable":true,"href":"https:\/\/zonaroja.com.mx\/index.php?rest_route=\/wp\/v2\/media\/41325"}],"wp:attachment":[{"href":"https:\/\/zonaroja.com.mx\/index.php?rest_route=%2Fwp%2Fv2%2Fmedia&parent=41324"}],"wp:term":[{"taxonomy":"category","embeddable":true,"href":"https:\/\/zonaroja.com.mx\/index.php?rest_route=%2Fwp%2Fv2%2Fcategories&post=41324"},{"taxonomy":"post_tag","embeddable":true,"href":"https:\/\/zonaroja.com.mx\/index.php?rest_route=%2Fwp%2Fv2%2Ftags&post=41324"}],"curies":[{"name":"wp","href":"https:\/\/api.w.org\/{rel}","templated":true}]}}