{"id":41327,"date":"2022-05-18T08:37:58","date_gmt":"2022-05-18T13:37:58","guid":{"rendered":"http:\/\/www.zonaroja.com.mx\/?p=41327"},"modified":"2022-05-18T08:40:41","modified_gmt":"2022-05-18T13:40:41","slug":"ya-puede-consultar-en-version-digital-de-libro-sobre-caso-suchixtlahuaca","status":"publish","type":"post","link":"https:\/\/zonaroja.com.mx\/?p=41327","title":{"rendered":"Ya puede consultar en versi\u00f3n digital el libro sobre el caso Suchixtlahuaca"},"content":{"rendered":"\n<p>Redacci\u00f3n\/Zona Roja.<\/p>\n\n\n\n<p>Oaxaca de Ju\u00e1rez, Oax., 18 de mayo de 2022.- El libro&nbsp;\u201cJurisdicci\u00f3n Ind\u00edgena, entre la asamblea y la Corte: Caso San Crist\u00f3bal Suchixtlahuaca, Oaxaca\u201d,&nbsp;editado por&nbsp;el Poder Judicial del Estado&nbsp;de Oaxaca&nbsp;en coordinaci\u00f3n con el Instituto&nbsp;Nacional de los Pueblos Ind\u00edgenas&nbsp;(INPI),&nbsp;aporta nuevas perspectivas&nbsp;respecto a los&nbsp;alcances y l\u00edmites de los sistemas normativos internos, en contraste con el r\u00e9gimen jur\u00eddico y aplicaci\u00f3n de la justicia ind\u00edgena.<\/p>\n\n\n\n<p>El texto, en su versi\u00f3n&nbsp;digital se encuentra disponible para su consulta y descarga a trav\u00e9s del enlace&nbsp;directo:https:\/\/bit.ly\/3wkPz0c,&nbsp;en&nbsp;las redes&nbsp;sociales&nbsp;del Poder Judicial del Estado de Oaxaca en twitter @tsjoaxaca&nbsp;y&nbsp;Facebook @TSJOAX: as\u00ed como las&nbsp;redes sociales&nbsp;de la Direcci\u00f3n&nbsp;de Derechos Humanos del Consejo de la Judicaturawww.facebook.com\/DerechosHumanosPJEO&nbsp;y&nbsp;@DerechosDh.&nbsp;<\/p>\n\n\n\n<p>En sus 141 p\u00e1ginas,&nbsp;aborda temas como La Sala de Justicia Ind\u00edgena y el Juicio&nbsp;de Derecho Ind\u00edgena;&nbsp;Los Criterios de identificaci\u00f3n de la Jurisdicci\u00f3n Ind\u00edgena. La importancia del peritaje antropol\u00f3gico en la formaci\u00f3n de las premisas mayor y menor del razonamiento judicial; Los caminos hacia la justicia ind\u00edgena&nbsp;y&nbsp;La importancia del reconocimiento&nbsp;de la Justicia Ind\u00edgena en las sentencias del Caso Suchixtlahuaca, entre otros.&nbsp;<\/p>\n\n\n\n<p>Los art\u00edculos son autor\u00eda del magistrado del Tribunal Superior de Justicia del Estado, Luis Enrique Cordero Aguilar; &nbsp;el investigador V\u00edctor Leonel Juan-Mart\u00ednez, el juez Segundo de Distrito en Materia de Amparo Civil, Administrativo y de Trabajo y de Juicios Federales del Estado de Puebla, Jos\u00e9 Luis Evaristo Villegas; el perito sociocultural Antonio Guti\u00e9rrez Rodr\u00edguez; la consultora Cinthya Hern\u00e1ndez Bautista; el investigador Juan Carlos Mart\u00ednez Mart\u00ednez y la investigadora Naayeli E. Ram\u00edrez Espinosa.&nbsp;<\/p>\n\n\n\n<p>El caso de San&nbsp;Crist\u00f3bal&nbsp;Suchixtlahuaca&nbsp;surgi\u00f3 en 2016 de un juicio de derecho ind\u00edgena promovido por integrantes del Ayuntamiento de&nbsp;ese lugar,&nbsp;para que la autoridad judicial reconociera su sistema normativo interno, aplicado contra un habitante de esa poblaci\u00f3n, por la destrucci\u00f3n de 84 \u00e1rboles de la reserva ecol\u00f3gica de la comunidad, ocasionada por 104 chivos de su propiedad cuya sanci\u00f3n consisti\u00f3 desde multas y arrestos hasta el aseguramiento de los animales para garantizar la reparaci\u00f3n del da\u00f1o ocasionado por la reincidencia del infractor.<\/p>\n\n\n\n<p>Por lo anterior,&nbsp;el libro&nbsp;\u201cJurisdicci\u00f3n Ind\u00edgena, entre la asamblea y la Corte: Caso San Crist\u00f3bal Suchixtlahuaca, Oaxaca\u201d,&nbsp;se posiciona como un precedente para el estudio, la investigaci\u00f3n y la reflexi\u00f3n de la cultura jur\u00eddica de las comunidades originarias de nuestro Estado y de M\u00e9xico.<\/p>\n","protected":false},"excerpt":{"rendered":"<p>Redacci\u00f3n\/Zona Roja. Oaxaca de Ju\u00e1rez, Oax., 18 de mayo de 2022.- El libro&nbsp;\u201cJurisdicci\u00f3n Ind\u00edgena, entre&hellip;<\/p>\n","protected":false},"author":2,"featured_media":41328,"comment_status":"closed","ping_status":"open","sticky":false,"template":"","format":"standard","meta":{"_lmt_disableupdate":"","_lmt_disable":"","_jetpack_memberships_contains_paid_content":false,"footnotes":""},"categories":[109,46],"tags":[223],"class_list":["post-41327","post","type-post","status-publish","format-standard","has-post-thumbnail","hentry","category-minuto-a-minuto","category-zona-blanca","tag-poder-judicial-de-oaxaca"],"jetpack_featured_media_url":"https:\/\/zonaroja.com.mx\/wp-content\/uploads\/2022\/05\/Libro-San-Cristobal-Suchixtlahuaca.jpg","jetpack_sharing_enabled":true,"_links":{"self":[{"href":"https:\/\/zonaroja.com.mx\/index.php?rest_route=\/wp\/v2\/posts\/41327","targetHints":{"allow":["GET"]}}],"collection":[{"href":"https:\/\/zonaroja.com.mx\/index.php?rest_route=\/wp\/v2\/posts"}],"about":[{"href":"https:\/\/zonaroja.com.mx\/index.php?rest_route=\/wp\/v2\/types\/post"}],"author":[{"embeddable":true,"href":"https:\/\/zonaroja.com.mx\/index.php?rest_route=\/wp\/v2\/users\/2"}],"replies":[{"embeddable":true,"href":"https:\/\/zonaroja.com.mx\/index.php?rest_route=%2Fwp%2Fv2%2Fcomments&post=41327"}],"version-history":[{"count":2,"href":"https:\/\/zonaroja.com.mx\/index.php?rest_route=\/wp\/v2\/posts\/41327\/revisions"}],"predecessor-version":[{"id":41334,"href":"https:\/\/zonaroja.com.mx\/index.php?rest_route=\/wp\/v2\/posts\/41327\/revisions\/41334"}],"wp:featuredmedia":[{"embeddable":true,"href":"https:\/\/zonaroja.com.mx\/index.php?rest_route=\/wp\/v2\/media\/41328"}],"wp:attachment":[{"href":"https:\/\/zonaroja.com.mx\/index.php?rest_route=%2Fwp%2Fv2%2Fmedia&parent=41327"}],"wp:term":[{"taxonomy":"category","embeddable":true,"href":"https:\/\/zonaroja.com.mx\/index.php?rest_route=%2Fwp%2Fv2%2Fcategories&post=41327"},{"taxonomy":"post_tag","embeddable":true,"href":"https:\/\/zonaroja.com.mx\/index.php?rest_route=%2Fwp%2Fv2%2Ftags&post=41327"}],"curies":[{"name":"wp","href":"https:\/\/api.w.org\/{rel}","templated":true}]}}