{"id":41335,"date":"2022-05-18T15:02:17","date_gmt":"2022-05-18T20:02:17","guid":{"rendered":"http:\/\/www.zonaroja.com.mx\/?p=41335"},"modified":"2022-05-18T15:02:19","modified_gmt":"2022-05-18T20:02:19","slug":"carencias-de-sso-en-hospital-civil-pega-a-medicos-internos-e-inician-protestas","status":"publish","type":"post","link":"https:\/\/zonaroja.com.mx\/?p=41335","title":{"rendered":"Carencias de SSO en Hospital Civil pega a m\u00e9dicos internos e inician protestas"},"content":{"rendered":"\n<p>Yuridiana Sosa\/Zona Roja.<\/p>\n\n\n\n<p>Oaxaca de Ju\u00e1rez, Oax., 18 de mayo de 2022.- M\u00e1s de un centenar de M\u00e9dicos Internos de Pregrado (MIP) del Hospital Civil \u201cDr. Aurelio Valdivieso\u201d, en la capital del estado, iniciaron una jornada de protesta ante la violaci\u00f3n a sus derechos laborales y humanos por falta de condiciones para ejercer su labor.<\/p>\n\n\n\n<p>La penosa realidad de los m\u00e9dicos en Oaxaca se visibiliza una vez m\u00e1s a la par que el Gobierno de M\u00e9xico prepara la contrataci\u00f3n de galenos de Cuba, lo que tambi\u00e9n representa para los j\u00f3venes profesionistas un duro golpe al no ser tomados en cuenta y seguir sufriendo carencias.<\/p>\n\n\n\n<p>\u201c\u00a1Mejores condiciones para las futuras generaciones de m\u00e9dicos!\u201d, \u201csueldo de becario, pero sin l\u00edmite de horario\u201d, \u201cNo somos mano de obra barata\u201d, \u201cRespeto a la NOM 234-SSA-2003 y PROY-NOM-033-SSA-2013\u201d, reclamaron por medios de cartulinas que pegaron en los accesos del nosocomio.<\/p>\n\n\n\n<p>Los MIP se declararon en asamblea permanente para exigir la atenci\u00f3n del gobierno del estado por medio de la Secretar\u00eda de Salud y los Servicios de Salud de Oaxaca (SSO).<\/p>\n\n\n\n<figure class=\"wp-block-embed is-type-rich is-provider-twitter wp-block-embed-twitter\"><div class=\"wp-block-embed__wrapper\">\n<div class=\"twitter-tweet\"><blockquote class=\"twitter-tweet\" data-lang=\"es\"><p lang=\"es\" dir=\"ltr\"><a href=\"https:\/\/twitter.com\/hashtag\/ENVIVO?src=hash&amp;ref_src=twsrc%5Etfw\">#ENVIVO<\/a> <br>Oaxaca de Ju\u00e1rez, Oax., 18 de mayo de 2022.- M\u00e9dicos Internos se declaran en asamblea permanente ante falta de uniformes e insumos en el Hospital Civil, dependiente de los Servicios de Salud de Oaxaca (<a href=\"https:\/\/twitter.com\/SSO_GobOax?ref_src=twsrc%5Etfw\">@SSO_GobOax<\/a>).<br>Transmisi\u00f3n aqu\u00ed: <br>\ud83d\udc47<a href=\"https:\/\/t.co\/Xjf3M0mNdY\">https:\/\/t.co\/Xjf3M0mNdY<\/a> <a href=\"https:\/\/t.co\/xbfHUHCIHA\">pic.twitter.com\/xbfHUHCIHA<\/a><\/p>&mdash; Zona Roja Oaxaca (@ZonaRoja_Oaxaca) <a href=\"https:\/\/twitter.com\/ZonaRoja_Oaxaca\/status\/1526956845906149381?ref_src=twsrc%5Etfw\">18 de mayo de 2022<\/a><\/blockquote><\/div>\n<\/div><\/figure>\n\n\n\n<p>El jefe de M\u00e9dicos Internos del Hospital, Luis Fernando Hern\u00e1ndez Alonso, se\u00f1al\u00f3 que son 103 profesionistas de este rango los que sufren de las diversas carencias, entre estas el pago de 900 pesos a la quincena, cumpliendo 36 horas de guardia, lo que representa un pago de 2.5 pesos por hora.<\/p>\n\n\n\n<p>\u201cEl gobierno \u2013federal- primero debe ver las condiciones de los m\u00e9dicos en formaci\u00f3n\u201d, expres\u00f3 el representante, quien agreg\u00f3 que a dichas carencias se suman otras malas condiciones como es la alimentaci\u00f3n y espacios para su derecho al descanso.<\/p>\n\n\n\n<p>El proyecto de modificaci\u00f3n a la Norma Oficial Mexicana NOM-234-SSA1-2003 a PROY-NOM-033-SSA3-2013, Educaci\u00f3n en Salud, tiene como objetivo \u201cestablecer los criterios m\u00ednimos para la utilizaci\u00f3n de los establecimientos para la atenci\u00f3n m\u00e9dica de las instituciones del Sistema Nacional de Salud como campos cl\u00ednicos para ciclos cl\u00ednicos e internado de pregrado de la licenciatura en medicina\u201d, lo cual, aseguran los MIPs de Oaxaca, que no se cumplen en el Hospital Civil m\u00e1s grande de la entidad.<\/p>\n\n\n\n<p>La protesta no afect\u00f3 la labor de los m\u00e9dicos internos en las \u00e1reas m\u00e1s demandes del nosocomio, sin embargo, se mantienen en protesta hasta recibir atenci\u00f3n y soluci\u00f3n del gobierno estatal.<\/p>\n","protected":false},"excerpt":{"rendered":"<p>Yuridiana Sosa\/Zona Roja. Oaxaca de Ju\u00e1rez, Oax., 18 de mayo de 2022.- M\u00e1s de un&hellip;<\/p>\n","protected":false},"author":2,"featured_media":41336,"comment_status":"closed","ping_status":"open","sticky":false,"template":"","format":"standard","meta":{"_lmt_disableupdate":"","_lmt_disable":"","_jetpack_memberships_contains_paid_content":false,"footnotes":""},"categories":[109,47],"tags":[1005],"class_list":["post-41335","post","type-post","status-publish","format-standard","has-post-thumbnail","hentry","category-minuto-a-minuto","category-zona-gris","tag-servicios-de-salud-de-oaxaca-sso"],"jetpack_featured_media_url":"https:\/\/zonaroja.com.mx\/wp-content\/uploads\/2022\/05\/Protesta-medicos-internistas-SSO-Hospital-Civil.jpg","jetpack_sharing_enabled":true,"_links":{"self":[{"href":"https:\/\/zonaroja.com.mx\/index.php?rest_route=\/wp\/v2\/posts\/41335","targetHints":{"allow":["GET"]}}],"collection":[{"href":"https:\/\/zonaroja.com.mx\/index.php?rest_route=\/wp\/v2\/posts"}],"about":[{"href":"https:\/\/zonaroja.com.mx\/index.php?rest_route=\/wp\/v2\/types\/post"}],"author":[{"embeddable":true,"href":"https:\/\/zonaroja.com.mx\/index.php?rest_route=\/wp\/v2\/users\/2"}],"replies":[{"embeddable":true,"href":"https:\/\/zonaroja.com.mx\/index.php?rest_route=%2Fwp%2Fv2%2Fcomments&post=41335"}],"version-history":[{"count":1,"href":"https:\/\/zonaroja.com.mx\/index.php?rest_route=\/wp\/v2\/posts\/41335\/revisions"}],"predecessor-version":[{"id":41337,"href":"https:\/\/zonaroja.com.mx\/index.php?rest_route=\/wp\/v2\/posts\/41335\/revisions\/41337"}],"wp:featuredmedia":[{"embeddable":true,"href":"https:\/\/zonaroja.com.mx\/index.php?rest_route=\/wp\/v2\/media\/41336"}],"wp:attachment":[{"href":"https:\/\/zonaroja.com.mx\/index.php?rest_route=%2Fwp%2Fv2%2Fmedia&parent=41335"}],"wp:term":[{"taxonomy":"category","embeddable":true,"href":"https:\/\/zonaroja.com.mx\/index.php?rest_route=%2Fwp%2Fv2%2Fcategories&post=41335"},{"taxonomy":"post_tag","embeddable":true,"href":"https:\/\/zonaroja.com.mx\/index.php?rest_route=%2Fwp%2Fv2%2Ftags&post=41335"}],"curies":[{"name":"wp","href":"https:\/\/api.w.org\/{rel}","templated":true}]}}