{"id":41338,"date":"2022-05-18T15:55:51","date_gmt":"2022-05-18T20:55:51","guid":{"rendered":"http:\/\/www.zonaroja.com.mx\/?p=41338"},"modified":"2022-05-18T15:55:54","modified_gmt":"2022-05-18T20:55:54","slug":"indolencia-oficial-e-ingobernabilidad-en-la-mixtequita-queman-vehiculos-y-hay-60-retenidos","status":"publish","type":"post","link":"https:\/\/zonaroja.com.mx\/?p=41338","title":{"rendered":"Indolencia oficial e ingobernabilidad en La Mixtequita; queman veh\u00edculos y hay 60 retenidos"},"content":{"rendered":"\n<p>Yuridiana Sosa\/Zona Roja.<\/p>\n\n\n\n<p>Oaxaca de Ju\u00e1rez, Oax., 18 de mayo de 2022.- La indolencia de la Secretar\u00eda General de Gobierno (Segego) y la necedad de los habitantes de cuatro agencias de San Juan Mazatl\u00e1n Mixe lleg\u00f3 al extremo:<\/p>\n\n\n\n<p>Iniciaron la quema de veh\u00edculos que tienen en el bloqueo a la carretera Palomares-Tuxtepec, desde hace m\u00e1s de una semana, mientras que una veintena de docentes del Conalep y otras 40 personas m\u00e1s, permanecen retenidas desde hace cinco do\u00f1as.<\/p>\n\n\n\n<p>Integrantes del Sindicato \u00danico de Trabajadores Docentes del Colegio Nacional (SUTDCEO) se manifiestan con diferentes actividades en las regiones de la Cuenca, Valles Centrales, Mixteca y el Istmo para demandar la intervenci\u00f3n del gobierno federal y a la Comisi\u00f3n Nacional de Derechos Humanos (CNDH).<\/p>\n\n\n\n<p>A cinco d\u00edas de la retenci\u00f3n por parte de habitantes y autoridades auxiliares de agencias de San Juan Mazatl\u00e1n Mixe, en la comunidad de La Mixtequita, se teme por la integridad de sus compa\u00f1eros, quienes son rehenes de una negociaci\u00f3n millonaria de recursos del Ramo 33 y 28.<\/p>\n\n\n\n<p>Los docentes privados de su libertad iniciaron la tarde de este martes una huelga de hambre, lo que se suma al deterioro de su salud, estado f\u00edsico y emocional que han padecido en el transcurso de esta semana, luego de ser retenidos la tarde del s\u00e1bado en su paso por la carretera federal 147, tramo Palomares \u2013Tuxtepec, cuando regresaban de un congreso en Puerto Escondido.<\/p>\n\n\n\n<p>A cinco d\u00edas de los hechos, docentes del Conalep de San Antonio de la Cal, en Valles Centrales, instalaron un plant\u00f3n frente a Palacio de Gobierno para exigir al gobernador de Oaxaca que garantice la integridad y libertad de sus compa\u00f1eros.<\/p>\n\n\n\n<figure class=\"wp-block-embed is-type-rich is-provider-twitter wp-block-embed-twitter\"><div class=\"wp-block-embed__wrapper\">\n<div class=\"twitter-tweet\"><blockquote class=\"twitter-tweet\" data-lang=\"es\"><p lang=\"es\" dir=\"ltr\"><a href=\"https:\/\/twitter.com\/hashtag\/ENVIVO?src=hash&amp;ref_src=twsrc%5Etfw\">#ENVIVO<\/a> <br>Oaxaca de Ju\u00e1rez, Oax., 18 de mayo de 2022.- A cinco d\u00edas de la retenci\u00f3n de docentes en La Mixtequita, San Juan Mazatl\u00e1n Mixe, persiste la omisi\u00f3n de autoridades de la <a href=\"https:\/\/twitter.com\/SEGEGO_GobOax?ref_src=twsrc%5Etfw\">@SEGEGO_GobOax<\/a>, denuncian sindicalizados del Conalep.<br><br>Transmisi\u00f3n: \ud83d\udc47<a href=\"https:\/\/t.co\/O4dPnw5nc9\">https:\/\/t.co\/O4dPnw5nc9<\/a> <a href=\"https:\/\/t.co\/SE1ut7nnML\">pic.twitter.com\/SE1ut7nnML<\/a><\/p>&mdash; Zona Roja Oaxaca (@ZonaRoja_Oaxaca) <a href=\"https:\/\/twitter.com\/ZonaRoja_Oaxaca\/status\/1526957232486768641?ref_src=twsrc%5Etfw\">18 de mayo de 2022<\/a><\/blockquote><\/div>\n<\/div><\/figure>\n\n\n\n<p>En Tuxtepec, en la regi\u00f3n de la Cuenca, los docentes del Conalep y a Secci\u00f3n 22 del Sindicato Nacional de Trabajadores de la Educaci\u00f3n (SNTE) instalaron un bloqueo en el acceso a la ciudad en el puente \u201cCaracol\u201d, sobre la carretera federal 175 Tuxtepec-Oaxaca.<\/p>\n\n\n\n<p>Mientras que el resto de los planteles de este Colegio Nacional en Huajuapan y Salina Cruz realizan tomas de oficinas de dependencias estatales y bloqueos.<\/p>\n\n\n\n<p>CERRAZ\u00d3N<\/p>\n\n\n\n<p>Las mesas de di\u00e1logo entre las autoridades municipales que encabeza Macario Eleuterio Jim\u00e9nez y en las que interviene la Segego no ha funcionado, mientras que las agencias de San Juan Mazatl\u00e1n Mixe, Constituci\u00f3n Mexicana, Felipe \u00c1ngeles y D\u00edaz Ordaz solo aceptan como forma de pago la entrega del dinero en efectivo, monto que asciende a unos 12 millones de pesos.<\/p>\n\n\n\n<p>De acuerdo con la delegaci\u00f3n del &nbsp;SUTCEO del Conalep 157 Tuxtepec, el edil acept\u00f3 pagar entre el 60 y el 80 por ciento del dinero, y el gobierno estatal el resto, pero desde la ma\u00f1ana del mi\u00e9rcoles no existen avances para la entrega del dinero.<\/p>\n\n\n\n<p>Junto con los maestros del Conalep existen otras 40 personas m\u00e1s retenidas en el lugar, as\u00ed como decenas de unidades que tambi\u00e9n han quedado varadas de forma obligada\u00a0en la comunidad.<\/p>\n\n\n\n<figure class=\"wp-block-embed is-type-rich is-provider-twitter wp-block-embed-twitter\"><div class=\"wp-block-embed__wrapper\">\n<div class=\"twitter-tweet\"><blockquote class=\"twitter-tweet\" data-lang=\"es\"><p lang=\"es\" dir=\"ltr\"><a href=\"https:\/\/twitter.com\/hashtag\/%C3%9AltimoMinuto?src=hash&amp;ref_src=twsrc%5Etfw\">#\u00daltimoMinuto<\/a> <br>Ante la ausencia de autoridad y de gobernabilidad por parte de la <a href=\"https:\/\/twitter.com\/SEGEGO_GobOax?ref_src=twsrc%5Etfw\">@SEGEGO_GobOax<\/a>, la violencia llega al extremo en La <a href=\"https:\/\/twitter.com\/hashtag\/Mixtequita?src=hash&amp;ref_src=twsrc%5Etfw\">#Mixtequita<\/a>, San Juan Mazatl\u00e1n Mixe, <a href=\"https:\/\/twitter.com\/hashtag\/Oaxaca?src=hash&amp;ref_src=twsrc%5Etfw\">#Oaxaca<\/a>, donde pobladores destrozan y queman unidades de motor que tienen retenidas. <br>Video: Cortes\u00eda <a href=\"https:\/\/t.co\/eyDPhWFpF9\">pic.twitter.com\/eyDPhWFpF9<\/a><\/p>&mdash; Zona Roja Oaxaca (@ZonaRoja_Oaxaca) <a href=\"https:\/\/twitter.com\/ZonaRoja_Oaxaca\/status\/1527027745523392513?ref_src=twsrc%5Etfw\">18 de mayo de 2022<\/a><\/blockquote><\/div>\n<\/div><\/figure>\n","protected":false},"excerpt":{"rendered":"<p>Yuridiana Sosa\/Zona Roja. Oaxaca de Ju\u00e1rez, Oax., 18 de mayo de 2022.- La indolencia de&hellip;<\/p>\n","protected":false},"author":2,"featured_media":41339,"comment_status":"closed","ping_status":"open","sticky":false,"template":"","format":"standard","meta":{"_lmt_disableupdate":"","_lmt_disable":"","_jetpack_memberships_contains_paid_content":false,"footnotes":""},"categories":[109,47],"tags":[3140,933],"class_list":["post-41338","post","type-post","status-publish","format-standard","has-post-thumbnail","hentry","category-minuto-a-minuto","category-zona-gris","tag-la-mixtequita","tag-san-juan-mazatlan-mixe"],"jetpack_featured_media_url":"https:\/\/zonaroja.com.mx\/wp-content\/uploads\/2022\/05\/Incendio-La-Mixtequita-Mazatlan-Mixe-Conalep.jpg","jetpack_sharing_enabled":true,"_links":{"self":[{"href":"https:\/\/zonaroja.com.mx\/index.php?rest_route=\/wp\/v2\/posts\/41338","targetHints":{"allow":["GET"]}}],"collection":[{"href":"https:\/\/zonaroja.com.mx\/index.php?rest_route=\/wp\/v2\/posts"}],"about":[{"href":"https:\/\/zonaroja.com.mx\/index.php?rest_route=\/wp\/v2\/types\/post"}],"author":[{"embeddable":true,"href":"https:\/\/zonaroja.com.mx\/index.php?rest_route=\/wp\/v2\/users\/2"}],"replies":[{"embeddable":true,"href":"https:\/\/zonaroja.com.mx\/index.php?rest_route=%2Fwp%2Fv2%2Fcomments&post=41338"}],"version-history":[{"count":1,"href":"https:\/\/zonaroja.com.mx\/index.php?rest_route=\/wp\/v2\/posts\/41338\/revisions"}],"predecessor-version":[{"id":41340,"href":"https:\/\/zonaroja.com.mx\/index.php?rest_route=\/wp\/v2\/posts\/41338\/revisions\/41340"}],"wp:featuredmedia":[{"embeddable":true,"href":"https:\/\/zonaroja.com.mx\/index.php?rest_route=\/wp\/v2\/media\/41339"}],"wp:attachment":[{"href":"https:\/\/zonaroja.com.mx\/index.php?rest_route=%2Fwp%2Fv2%2Fmedia&parent=41338"}],"wp:term":[{"taxonomy":"category","embeddable":true,"href":"https:\/\/zonaroja.com.mx\/index.php?rest_route=%2Fwp%2Fv2%2Fcategories&post=41338"},{"taxonomy":"post_tag","embeddable":true,"href":"https:\/\/zonaroja.com.mx\/index.php?rest_route=%2Fwp%2Fv2%2Ftags&post=41338"}],"curies":[{"name":"wp","href":"https:\/\/api.w.org\/{rel}","templated":true}]}}