{"id":4134,"date":"2019-09-20T12:07:22","date_gmt":"2019-09-20T17:07:22","guid":{"rendered":"https:\/\/www.zonaroja.com.mx\/?p=4134"},"modified":"2019-09-20T12:07:24","modified_gmt":"2019-09-20T17:07:24","slug":"se-agita-la-marea-verde-en-oaxaca-anuncian-marcha-y-presencia-en-el-congreso","status":"publish","type":"post","link":"https:\/\/zonaroja.com.mx\/?p=4134","title":{"rendered":"Se agita la Marea Verde en Oaxaca; anuncian marcha y presencia en el Congreso"},"content":{"rendered":"\n<p>Evlin Arag\u00f3n\/Zona Roja.<\/p>\n\n\n\n<p><br>Oaxaca de Ju\u00e1rez, Oax., 20 de septiembre de 2019.- Integrantes del colectivo de mujeres denominado Marea Verde anunciaron una serie de actividades en la capital oaxaque\u00f1a, en el marco del D\u00eda de Acci\u00f3n Global por el Acceso al Aborto Legal, Seguro y Gratuito, que se conmemora el 28 de septiembre en todo el mundo.<\/p>\n\n\n\n<p>A trav\u00e9s de sus redes sociales, insistieron en que la prohibici\u00f3n del aborto pone en riesgo la vida de las mujeres -en mayor medida a quienes menos recursos econ\u00f3micos tienen- y condena injustamente a quienes lo practican y acompa\u00f1an.<\/p>\n\n\n\n<p>Por lo anterior dise\u00f1aron una jornada de actividades denominada \u00abPor Nuestro Derecho a Decidir\u00bb que est\u00e1 conformada por talleres y charlas con tema centrales como la interrupci\u00f3n legal del embarazo, maternidades voluntarias y derechos de sexuales y reproductivos de las mujeres, con la intenci\u00f3n de exigir la despenalizaci\u00f3n del aborto y con ello garantizar el derecho a decidir sobre sus cuerpos. <\/p>\n\n\n\n<p>\u00abTe convocamos a participar y a sumarte a esta poderosa exigencia colectiva por la despenalizaci\u00f3n del aborto en Oaxaca. No queremos m\u00e1s muerdas por pr\u00e1cticas clandestinas. Nunca m\u00e1s una ni\u00f1a o mujer condenada a parir a riesgo de su propia vida\u00bb, citan en su convocatoria. <br>Dentro de las actividades tambi\u00e9n est\u00e1 considerada la concentraci\u00f3n masiva en el Congreso local el pr\u00f3ximo mi\u00e9rcoles 25 de septiembre, d\u00eda en el que se contempla la votaci\u00f3n para aprobar o no las reformas a la ley que permitan la despenalizaci\u00f3n del aborto en Oaxaca. <\/p>\n\n\n\n<p>As\u00ed mismo,anunciaron una marcha programada para el s\u00e1bado 28 de septiembre en punto de las cuatro de la tarde con salida del Parque del Amor, en la cual podr\u00e1n participar \u00fanicamente mujeres, incluso han advertido que la cobertura por hombres periodistas ser\u00e1 considerada una provocaci\u00f3n.<\/p>\n\n\n\n<p>\u00abTodas nuestras actividades son separatistas, exclusivas para mujeres. Durante la cobertura de la marcha se convoca solo a mujeres periodistas, la presencia de reporteros hombres ser\u00e1 considerada un acto de provocaci\u00f3n. \u00a1Respeten nuestros espacios de lucha\u00bb, refirieron.<\/p>\n\n\n\n<p>Recientemente este grupo de mujeres organizadas han denunciado los actos religiosos que se han registrado al interior del Congreso local encabezados por grupos que se oponen a la despenalizaci\u00f3n del aborto, acciones que aseguran violenta el Estado de Derecho y la laicidad del mismo.<\/p>\n\n\n\n<p>As\u00ed mismo han exigido a las y los diputados legislar de manera profesional, \u00e9tica y laica, no desde su fanatismo religioso, particularmente en un tema que aseguran se trata de justicia social, salud p\u00fablica y derechos humanos de las mujeres<br>Enviado desde mi iPad<\/p>\n\n\n\n<p><\/p>\n","protected":false},"excerpt":{"rendered":"<p>Evlin Arag\u00f3n\/Zona Roja. Oaxaca de Ju\u00e1rez, Oax., 20 de septiembre de 2019.- Integrantes del colectivo&hellip;<\/p>\n","protected":false},"author":2,"featured_media":4133,"comment_status":"closed","ping_status":"open","sticky":false,"template":"","format":"standard","meta":{"_lmt_disableupdate":"","_lmt_disable":"","_jetpack_memberships_contains_paid_content":false,"footnotes":""},"categories":[1],"tags":[],"class_list":["post-4134","post","type-post","status-publish","format-standard","has-post-thumbnail","hentry","category-sin-categoria"],"jetpack_featured_media_url":"https:\/\/zonaroja.com.mx\/wp-content\/uploads\/2019\/09\/img_9873.jpg","jetpack_sharing_enabled":true,"_links":{"self":[{"href":"https:\/\/zonaroja.com.mx\/index.php?rest_route=\/wp\/v2\/posts\/4134","targetHints":{"allow":["GET"]}}],"collection":[{"href":"https:\/\/zonaroja.com.mx\/index.php?rest_route=\/wp\/v2\/posts"}],"about":[{"href":"https:\/\/zonaroja.com.mx\/index.php?rest_route=\/wp\/v2\/types\/post"}],"author":[{"embeddable":true,"href":"https:\/\/zonaroja.com.mx\/index.php?rest_route=\/wp\/v2\/users\/2"}],"replies":[{"embeddable":true,"href":"https:\/\/zonaroja.com.mx\/index.php?rest_route=%2Fwp%2Fv2%2Fcomments&post=4134"}],"version-history":[{"count":1,"href":"https:\/\/zonaroja.com.mx\/index.php?rest_route=\/wp\/v2\/posts\/4134\/revisions"}],"predecessor-version":[{"id":4135,"href":"https:\/\/zonaroja.com.mx\/index.php?rest_route=\/wp\/v2\/posts\/4134\/revisions\/4135"}],"wp:featuredmedia":[{"embeddable":true,"href":"https:\/\/zonaroja.com.mx\/index.php?rest_route=\/wp\/v2\/media\/4133"}],"wp:attachment":[{"href":"https:\/\/zonaroja.com.mx\/index.php?rest_route=%2Fwp%2Fv2%2Fmedia&parent=4134"}],"wp:term":[{"taxonomy":"category","embeddable":true,"href":"https:\/\/zonaroja.com.mx\/index.php?rest_route=%2Fwp%2Fv2%2Fcategories&post=4134"},{"taxonomy":"post_tag","embeddable":true,"href":"https:\/\/zonaroja.com.mx\/index.php?rest_route=%2Fwp%2Fv2%2Ftags&post=4134"}],"curies":[{"name":"wp","href":"https:\/\/api.w.org\/{rel}","templated":true}]}}