{"id":41344,"date":"2022-05-18T18:48:46","date_gmt":"2022-05-18T23:48:46","guid":{"rendered":"http:\/\/www.zonaroja.com.mx\/?p=41344"},"modified":"2022-05-18T18:48:49","modified_gmt":"2022-05-18T23:48:49","slug":"dios-no-quiere-que-seamos-pobres-son-los-malos-gobiernos-jara-ante-capitalinos","status":"publish","type":"post","link":"https:\/\/zonaroja.com.mx\/?p=41344","title":{"rendered":"\u201cDios no quiere que seamos pobres, son los malos gobiernos\u201d: Jara ante capitalinos"},"content":{"rendered":"\n<p>Yuridiana Sosa\/Zona Roja.<\/p>\n\n\n\n<p>Oaxaca de Ju\u00e1rez, Oax.18 de mayo de 2022.- A 18 d\u00edas del proceso electoral, el candidato de \u201cJuntos hacemos historia\u201d, Salom\u00f3n Jara Cruz, volvi\u00f3 a la capital del estado para reiterar sus compromisos de gobierno con los oaxaque\u00f1os, entre los que resalt\u00f3 acabar con la pobreza y establecer un sistema a favor de la seguridad y la salud.<\/p>\n\n\n\n<p>Ante cientos de ciudadanos que se reunieron en la agencia de Cinco Se\u00f1ores, de Oaxaca de Ju\u00e1rez, el postulado por Morena-PVEM-PT-PUP encabez\u00f3 un mitin en compa\u00f1\u00eda de l\u00edderes de los partidos de la coalici\u00f3n, en la que estuvieron presentes los senadores Ricardo Monreal y Ra\u00fal Bola\u00f1os Cacho Cu\u00e9.<\/p>\n\n\n\n<p>\u201cNuestro destino no es que seamos pobres, Dios no quiere que seamos pobres, los que quieren que seamos pobres son los malos gobiernos\u201d, se\u00f1al\u00f3 Jara Cruz, quien asegur\u00f3 que en la entidad existen todos los recursos, naturales y humanos, para salir de la pobreza.<\/p>\n\n\n\n<p>Por lo que asever\u00f3: \u201cEste 5 de junio es posible que todas y todos los oaxaque\u00f1os tengamos otro futuro, no el futuro de la pobreza, marginaci\u00f3n y abandono. No estamos llamados a ser pobres\u201d.<\/p>\n\n\n\n<p>Para transformar el estado, se\u00f1al\u00f3, es indispensable mejorar&nbsp;las condiciones de seguridad, lo cual es una de las principales demandas en la entidad, por lo que plantea mesas de seguridad de manera diaria y con trabajo conjunto con el Gobierno de M\u00e9xico.<\/p>\n\n\n\n<p>Por ello, plantea la presencia de Oaxaca en las mesas de seguridad de nivel federal, las cuales tambi\u00e9n extender\u00e1 a las ocho regiones de la entidad, adem\u00e1s, que instalar\u00e1n c\u00e1maras de vigilancia en los municipios de la entidad y se capacitar\u00e1 a las fuerzas policiales.<\/p>\n\n\n\n<figure class=\"wp-block-embed is-type-rich is-provider-twitter wp-block-embed-twitter\"><div class=\"wp-block-embed__wrapper\">\n<div class=\"twitter-tweet\"><blockquote class=\"twitter-tweet\" data-lang=\"es\"><p lang=\"es\" dir=\"ltr\">\u201cVamos por la ruta de la transformaci\u00f3n para que se consoliden todos esos proyectos que hoy en d\u00eda nuestro Presidente (<a href=\"https:\/\/twitter.com\/lopezobrador_?ref_src=twsrc%5Etfw\">@lopezobrador_<\/a>) est\u00e1 trayendo a <a href=\"https:\/\/twitter.com\/hashtag\/Oaxaca?src=hash&amp;ref_src=twsrc%5Etfw\">#Oaxaca<\/a>, y eso solamente se puede lograr con alguien que ha caminado con \u00e9l, <a href=\"https:\/\/twitter.com\/salomonj?ref_src=twsrc%5Etfw\">@salomonj<\/a>\u201d: <a href=\"https:\/\/twitter.com\/RaulBCCue?ref_src=twsrc%5Etfw\">@RaulBCCue<\/a> en mitin hoy en la capital. <a href=\"https:\/\/t.co\/Nicrsajpsq\">pic.twitter.com\/Nicrsajpsq<\/a><\/p>&mdash; Zona Roja Oaxaca (@ZonaRoja_Oaxaca) <a href=\"https:\/\/twitter.com\/ZonaRoja_Oaxaca\/status\/1527002497944064000?ref_src=twsrc%5Etfw\">18 de mayo de 2022<\/a><\/blockquote><\/div>\n<\/div><\/figure>\n\n\n\n<p>Agreg\u00f3 que en tema de transparencia ofrecer\u00e1 un informe trimestral de sus acciones, as\u00ed se comprometi\u00f3 a implementar \u201cun gobierno austero, sin privilegios, sin fantocher\u00eda, humilde, sencillo; por eso no queremos tener un gobierno rico y un pueblo pobre\u201d.<\/p>\n\n\n\n<p>JARA ES EL MEJOR CANDIDATO<\/p>\n\n\n\n<p>El l\u00edder de Morena y senador, Ricardo Monreal, resalt\u00f3 la trayectoria de Salom\u00f3n Jara Cruz en la lucha de la transformaci\u00f3n de M\u00e9xico al colaborar en la fundaci\u00f3n de Morena, por eso, era el hombre ideal para encabezar la transformaci\u00f3n para Oaxaca.<\/p>\n\n\n\n<p>Durante su participaci\u00f3n en el mitin, Ricardo Monreal tambi\u00e9n destac\u00f3 que, en este punto, donde es urgente un cambio para Oaxaca y el pa\u00eds es necesaria la unidad, por lo que ahora no importa si en Morena est\u00e1n ex integrantes de otros partidos pol\u00edticos, pues \u201choy los necesitamos para instalar un gobierno popular\u201d, expres\u00f3.<\/p>\n\n\n\n<p>\u201cNo hay que perseguir a la gente, hay que ser tolerantes y saber debatir con el que piensa distinto que nosotros, hay muchas expresiones y opiniones, seamos cuidadosos e incluyentes\u201d, apunt\u00f3.<\/p>\n\n\n\n<p>Por su parte, el senador del Partido Verde Ecologista de M\u00e9xico (PVEM), Ra\u00fal Bola\u00f1os Cacho Cu\u00e9, en representaci\u00f3n de su partido, destac\u00f3 que Oaxaca necesita de la unidad, de la coalici\u00f3n y de Salom\u00f3n Jara para que se aplique la transformaci\u00f3n.<\/p>\n\n\n\n<p>Reconoci\u00f3 en el candidato de Morena un hombre de palabra, con el que ha platicado desde hace varios meses sobre el proyecto para Oaxaca con un nuevo gobierno, por lo que llam\u00f3 a los oaxaque\u00f1os a confiar su voto a Jara Cruz para ser el futuro gobernador.\u00a0<\/p>\n\n\n\n<figure class=\"wp-block-embed is-type-rich is-provider-twitter wp-block-embed-twitter\"><div class=\"wp-block-embed__wrapper\">\n<div class=\"twitter-tweet\"><blockquote class=\"twitter-tweet\" data-lang=\"es\"><p lang=\"es\" dir=\"ltr\">\u201cQue se escuche bien y que se escuche lejos: el Partido Verde est\u00e1 con <a href=\"https:\/\/twitter.com\/salomonj?ref_src=twsrc%5Etfw\">@salomonj<\/a> para que sea el pr\u00f3ximo gobernador\u201d, dijo el senador <a href=\"https:\/\/twitter.com\/ManuelVelasco_?ref_src=twsrc%5Etfw\">@ManuelVelasco_<\/a>, quien se encuentra en Oaxaca en apoyo al candidato a mandatario estatal. <a href=\"https:\/\/t.co\/anBUBatW2t\">pic.twitter.com\/anBUBatW2t<\/a><\/p>&mdash; Zona Roja Oaxaca (@ZonaRoja_Oaxaca) <a href=\"https:\/\/twitter.com\/ZonaRoja_Oaxaca\/status\/1527054221346058241?ref_src=twsrc%5Etfw\">18 de mayo de 2022<\/a><\/blockquote><\/div>\n<\/div><\/figure>\n","protected":false},"excerpt":{"rendered":"<p>Yuridiana Sosa\/Zona Roja. Oaxaca de Ju\u00e1rez, Oax.18 de mayo de 2022.- A 18 d\u00edas del&hellip;<\/p>\n","protected":false},"author":2,"featured_media":41345,"comment_status":"closed","ping_status":"open","sticky":false,"template":"","format":"standard","meta":{"_lmt_disableupdate":"","_lmt_disable":"","_jetpack_memberships_contains_paid_content":false,"footnotes":""},"categories":[109,46],"tags":[939],"class_list":["post-41344","post","type-post","status-publish","format-standard","has-post-thumbnail","hentry","category-minuto-a-minuto","category-zona-blanca","tag-salomon-jara-cruz"],"jetpack_featured_media_url":"https:\/\/zonaroja.com.mx\/wp-content\/uploads\/2022\/05\/Salomon-Jara-en-Cinco-Senores.jpg","jetpack_sharing_enabled":true,"_links":{"self":[{"href":"https:\/\/zonaroja.com.mx\/index.php?rest_route=\/wp\/v2\/posts\/41344","targetHints":{"allow":["GET"]}}],"collection":[{"href":"https:\/\/zonaroja.com.mx\/index.php?rest_route=\/wp\/v2\/posts"}],"about":[{"href":"https:\/\/zonaroja.com.mx\/index.php?rest_route=\/wp\/v2\/types\/post"}],"author":[{"embeddable":true,"href":"https:\/\/zonaroja.com.mx\/index.php?rest_route=\/wp\/v2\/users\/2"}],"replies":[{"embeddable":true,"href":"https:\/\/zonaroja.com.mx\/index.php?rest_route=%2Fwp%2Fv2%2Fcomments&post=41344"}],"version-history":[{"count":1,"href":"https:\/\/zonaroja.com.mx\/index.php?rest_route=\/wp\/v2\/posts\/41344\/revisions"}],"predecessor-version":[{"id":41346,"href":"https:\/\/zonaroja.com.mx\/index.php?rest_route=\/wp\/v2\/posts\/41344\/revisions\/41346"}],"wp:featuredmedia":[{"embeddable":true,"href":"https:\/\/zonaroja.com.mx\/index.php?rest_route=\/wp\/v2\/media\/41345"}],"wp:attachment":[{"href":"https:\/\/zonaroja.com.mx\/index.php?rest_route=%2Fwp%2Fv2%2Fmedia&parent=41344"}],"wp:term":[{"taxonomy":"category","embeddable":true,"href":"https:\/\/zonaroja.com.mx\/index.php?rest_route=%2Fwp%2Fv2%2Fcategories&post=41344"},{"taxonomy":"post_tag","embeddable":true,"href":"https:\/\/zonaroja.com.mx\/index.php?rest_route=%2Fwp%2Fv2%2Ftags&post=41344"}],"curies":[{"name":"wp","href":"https:\/\/api.w.org\/{rel}","templated":true}]}}