{"id":41347,"date":"2022-05-18T19:00:17","date_gmt":"2022-05-19T00:00:17","guid":{"rendered":"http:\/\/www.zonaroja.com.mx\/?p=41347"},"modified":"2022-05-18T19:00:20","modified_gmt":"2022-05-19T00:00:20","slug":"urge-ddhpo-solucion-definitiva-al-conflicto-en-san-juan-mazatlan-mixe","status":"publish","type":"post","link":"https:\/\/zonaroja.com.mx\/?p=41347","title":{"rendered":"Urge DDHPO soluci\u00f3n definitiva al conflicto en San Juan Mazatl\u00e1n Mixe"},"content":{"rendered":"\n<p>Redacci\u00f3n\/Zona Roja.<\/p>\n\n\n\n<p>Oaxaca de Ju\u00e1rez, Oax., 18 de mayo de 2022.- Ante las constantes retenciones de personas, bloqueos y&nbsp; cierres de caminos por parte de pobladores y autoridades de diversas agencias de San Juan Mazatl\u00e1n, Mixe, en exigencia de participaciones econ\u00f3micas negadas por la autoridad municipal, la Defensor\u00eda de los Derechos Humanos del Pueblo de Oaxaca (DDHPO) llam\u00f3 a los poderes del estado a resolver de fondo la problem\u00e1tica, al tiempo que solicit\u00f3 a los habitantes y autoridades de La Mixtequita, respetar la libertad y los derechos humanos de profesores del Conalep y dem\u00e1s personas retenidas en la localidad.<\/p>\n\n\n\n<p>El organismo aut\u00f3nomo afirm\u00f3 que, en un estado de derecho, por m\u00e1s justa que pueda ser una demanda, \u00e9sta no puede justificar la violaci\u00f3n de un derecho humano, m\u00e1s a\u00fan cuando se trata de la libertad, salud y vida de otras personas.<\/p>\n\n\n\n<p>La DDHPO inform\u00f3 que luego de tener conocimiento de la retenci\u00f3n del personal educativo perteneciente al Colegio Nacional de Educaci\u00f3n Profesional T\u00e9cnica (Conalep) inici\u00f3 el expediente DDHPO\/0769\/(14)\/OAX\/2022, mediante el cual dict\u00f3 medidas cautelares tendientes a garantizar la integridad f\u00edsica y mental de las personas retenidas.<\/p>\n\n\n\n<p>La Defensor\u00eda ha solicitado de manera reiterada a la autoridad municipal de San Juan Mazatl\u00e1n Mixe respete las asignaciones presupuestales y entregue en tiempo los recursos a que tienen derecho sus comunidades, pues lo contrario, adem\u00e1s de implicar diferentes tipos de responsabilidades, lesiona el tejido social e impide a sus agencias garantizar derechos para su poblaci\u00f3n.<\/p>\n\n\n\n<p>Este conflicto, as\u00ed como de muchos otros relativos a participaciones presupuestales municipales &#8211;que incluso han provocado desplazamientos forzados como los casos de Tierra Blanca, Juxtlahuaca y R\u00edo Santiago, Santiago Textitl\u00e1n&#8211; plantean la imperiosa necesidad de garantizar de manera justa y definitiva la repartici\u00f3n adecuada de recursos presupuestales y de imponer sanciones a quienes no cumplan con sus deberes constitucionales y legales.<\/p>\n\n\n\n<p>Y es que, ante la recurrencia de inconformidades en agencias municipales derivadas de asignaci\u00f3n irregular, e incluso nula de recursos econ\u00f3micos, es indispensable establecer un marco normativo que permita la asignaci\u00f3n de manera equitativa, peri\u00f3dica y justa.<\/p>\n\n\n\n<p>Lo anterior implica una armonizaci\u00f3n profunda en el andamiaje normativo, institucional y procedimental que regula la relaci\u00f3n financiera entre los municipios y sus agencias, contando con reglas y procedimientos claros, que permitan una asignaci\u00f3n transparente de recursos p\u00fablicos al interior de este nivel de gobierno, evitando discrecionalidad en la asignaci\u00f3n de los mismos, pero tambi\u00e9n conlleva la responsabilidad de rendici\u00f3n de cuentas por parte de las agencias, pues se trata de bienes p\u00fablicos.<\/p>\n\n\n\n<p>As\u00ed tambi\u00e9n, la Defensor\u00eda reiter\u00f3 que la libertad es un derecho irrenunciable no negociable, que debe ser respetado por las autoridades municipales y las asambleas comunitarias y no utilizado como moneda de cambio, adem\u00e1s record\u00f3 que todas las autoridades tienen la obligaci\u00f3n de promover, proteger y garantizar los derechos humanos de las personas y no menoscabarlos.<\/p>\n\n\n\n<p>Y reiter\u00f3 que incluso la causa m\u00e1s justa, cuando se exige violentando otros derechos, pierde legitimidad, por lo que convoc\u00f3 a las autoridades y pobladores, al di\u00e1logo y la concertaci\u00f3n de acuerdos.<\/p>\n","protected":false},"excerpt":{"rendered":"<p>Redacci\u00f3n\/Zona Roja. Oaxaca de Ju\u00e1rez, Oax., 18 de mayo de 2022.- Ante las constantes retenciones&hellip;<\/p>\n","protected":false},"author":2,"featured_media":41330,"comment_status":"closed","ping_status":"open","sticky":false,"template":"","format":"standard","meta":{"_lmt_disableupdate":"","_lmt_disable":"","_jetpack_memberships_contains_paid_content":false,"footnotes":""},"categories":[109,47],"tags":[286],"class_list":["post-41347","post","type-post","status-publish","format-standard","has-post-thumbnail","hentry","category-minuto-a-minuto","category-zona-gris","tag-defensoria-de-los-derechos-humanos-del-pueblo-de-oaxaca"],"jetpack_featured_media_url":"https:\/\/zonaroja.com.mx\/wp-content\/uploads\/2022\/05\/Retenidos-La-Mixtequita-Mazatlan-conalep.jpg","jetpack_sharing_enabled":true,"_links":{"self":[{"href":"https:\/\/zonaroja.com.mx\/index.php?rest_route=\/wp\/v2\/posts\/41347","targetHints":{"allow":["GET"]}}],"collection":[{"href":"https:\/\/zonaroja.com.mx\/index.php?rest_route=\/wp\/v2\/posts"}],"about":[{"href":"https:\/\/zonaroja.com.mx\/index.php?rest_route=\/wp\/v2\/types\/post"}],"author":[{"embeddable":true,"href":"https:\/\/zonaroja.com.mx\/index.php?rest_route=\/wp\/v2\/users\/2"}],"replies":[{"embeddable":true,"href":"https:\/\/zonaroja.com.mx\/index.php?rest_route=%2Fwp%2Fv2%2Fcomments&post=41347"}],"version-history":[{"count":1,"href":"https:\/\/zonaroja.com.mx\/index.php?rest_route=\/wp\/v2\/posts\/41347\/revisions"}],"predecessor-version":[{"id":41348,"href":"https:\/\/zonaroja.com.mx\/index.php?rest_route=\/wp\/v2\/posts\/41347\/revisions\/41348"}],"wp:featuredmedia":[{"embeddable":true,"href":"https:\/\/zonaroja.com.mx\/index.php?rest_route=\/wp\/v2\/media\/41330"}],"wp:attachment":[{"href":"https:\/\/zonaroja.com.mx\/index.php?rest_route=%2Fwp%2Fv2%2Fmedia&parent=41347"}],"wp:term":[{"taxonomy":"category","embeddable":true,"href":"https:\/\/zonaroja.com.mx\/index.php?rest_route=%2Fwp%2Fv2%2Fcategories&post=41347"},{"taxonomy":"post_tag","embeddable":true,"href":"https:\/\/zonaroja.com.mx\/index.php?rest_route=%2Fwp%2Fv2%2Ftags&post=41347"}],"curies":[{"name":"wp","href":"https:\/\/api.w.org\/{rel}","templated":true}]}}