{"id":41354,"date":"2022-05-18T22:19:38","date_gmt":"2022-05-19T03:19:38","guid":{"rendered":"http:\/\/www.zonaroja.com.mx\/?p=41354"},"modified":"2022-05-18T22:19:39","modified_gmt":"2022-05-19T03:19:39","slug":"vinculan-a-proceso-a-sujeto-que-se-nego-a-pagar-pension-para-sus-cuatro-hijos","status":"publish","type":"post","link":"https:\/\/zonaroja.com.mx\/?p=41354","title":{"rendered":"Vinculan a proceso a sujeto que se neg\u00f3 a pagar pensi\u00f3n para sus cuatro hijos"},"content":{"rendered":"\n<p>Redacci\u00f3n\/Zona Roja.&nbsp;<\/p>\n\n\n\n<p>Oaxaca de Ju\u00e1rez, Oax., 18 de mayo de 2022.- La Fiscal\u00eda General del Estado de Oaxaca (FGEO) inform\u00f3 que obtuvo, del Juez de Control, vinculaci\u00f3n a proceso contra la persona del sexo masculino identificada como J. L. C. D., por su responsabilidad en el incumplimiento de las obligaciones alimentarias en agravio de sus cuatro hijos, cuyas identidades son reservadas por Ley, cometido en la regi\u00f3n del Istmo de Tehuantepec.<\/p>\n\n\n\n<p>De acuerdo con los hechos asentados en la causa penal 604\/2021, a partir del 16 de marzo de 2021 y hasta la fecha actual, el responsable no realiz\u00f3 el pago de la pensi\u00f3n alimenticia que el Juez de la causa decret\u00f3 a favor de sus hijos.<\/p>\n\n\n\n<p>Ante estos hechos, la Instituci\u00f3n de procuraci\u00f3n de justicia inici\u00f3 las diligencias correspondientes -a trav\u00e9s de la Vicefiscal\u00eda Regional del Istmo- y present\u00f3 al responsable ante el Juez de la causa quien, tras validar los datos probatorios, determin\u00f3 vincularlo a proceso.<\/p>\n\n\n\n<p>LOGRAN SENTENCIA<\/p>\n\n\n\n<p>En otro caso, la Fiscal\u00eda General del Estado obtuvo, del Tribunal de Enjuiciamiento, sentencia condenatoria de 30 a\u00f1os de prisi\u00f3n contra la persona del sexo masculino identificada como E. C. G., responsable del delito de homicidio calificado en agravio de A. F. D., cometido en jurisdicci\u00f3n de San Pedro Pochutla, en la regi\u00f3n de la Costa.<\/p>\n\n\n\n<p>De acuerdo con la causa penal 279\/2021, el 18 de mayo de 2021, aproximadamente a las 13:40 horas, el imputado agredi\u00f3 con disparos de arma de fuego a la v\u00edctima, cuando esta conduc\u00eda una unidad de motor sobre un camino de terracer\u00eda que conduce a la localidad de Guzm\u00e1n, en Pochutla; a causa de las heridas infligidas, la v\u00edctima falleci\u00f3.<\/p>\n\n\n\n<p>Ante este crimen, la Instituci\u00f3n de procuraci\u00f3n de justicia atrajo el caso -a trav\u00e9s de la Vicefiscal\u00eda Regional de la Costa-, logrando identificar, aprehender y presentar al imputado ante el Juez de la causa, quien determin\u00f3 vincularlo a proceso.<\/p>\n\n\n\n<p>En audiencia, el Tribunal de Enjuiciamiento dict\u00f3 sentencia condenatoria contra A. F. D., imponiendo la pena de 30 a\u00f1os de prisi\u00f3n y orden\u00f3 el pago de m\u00e1s de 448 mil pesos por concepto de reparaci\u00f3n del da\u00f1o.<\/p>\n\n\n\n<p>CONTRA SECUESTRADORES<\/p>\n\n\n\n<p>Asimismo, la Fiscal\u00eda General del Estado de Oaxaca (FGEO) obtuvo, del Tribunal de Enjuiciamiento, fallo condenatorio contra cuatro personas del sexo masculino identificadas como H. E. L. R., M. P. A., M. A. O. C., y E. S. F., responsables del delito de secuestro contra una v\u00edctima de identidad reservada por Ley, cometido en mayo de 2020, en jurisdicci\u00f3n de San Juan Bautista Tuxtepec.<\/p>\n\n\n\n<p>De acuerdo con la causa penal 102\/2020, alrededor de las 09:30 horas del 26 de mayo 2020, sobre la calle 16 de Septiembre de San Juan Bautista Tuxtepec, los imputados privado de la libertad a la v\u00edctima, traslad\u00e1ndola a una casa de seguridad, ubicada en la colonia Adolfo L\u00f3pez Mateos.<\/p>\n\n\n\n<p>Horas despu\u00e9s, los imputados fueron detenidos en flagrancia por elementos de la Secretar\u00eda de la Defensa Nacional (Sedena), por lo que fueron puestos a disposici\u00f3n de la FGEO y gracias a los actos de investigaci\u00f3n, quedaron vinculados a proceso en junio de 2020.<\/p>\n\n\n\n<p>En audiencia, el Tribunal de Enjuiciamiento dict\u00f3 fallo condenatorio contra los secuestradores, cuya lectura de sentencia se llevar\u00e1 a cabo el 25 de mayo del a\u00f1o en curso.<\/p>\n\n\n\n<p>La Fiscal\u00eda General aplica todo el rigor de la Ley a quienes atentan contra la libertad e integridad de las y los oaxaque\u00f1os.<\/p>\n","protected":false},"excerpt":{"rendered":"<p>Redacci\u00f3n\/Zona Roja.&nbsp; Oaxaca de Ju\u00e1rez, Oax., 18 de mayo de 2022.- La Fiscal\u00eda General del&hellip;<\/p>\n","protected":false},"author":2,"featured_media":33422,"comment_status":"closed","ping_status":"open","sticky":false,"template":"","format":"standard","meta":{"_lmt_disableupdate":"","_lmt_disable":"","_jetpack_memberships_contains_paid_content":false,"footnotes":""},"categories":[109,46],"tags":[494],"class_list":["post-41354","post","type-post","status-publish","format-standard","has-post-thumbnail","hentry","category-minuto-a-minuto","category-zona-blanca","tag-fiscalia-general-del-estado-de-oaxaca"],"jetpack_featured_media_url":"https:\/\/zonaroja.com.mx\/wp-content\/uploads\/2021\/10\/Deudores-alimentarios.jpg","jetpack_sharing_enabled":true,"_links":{"self":[{"href":"https:\/\/zonaroja.com.mx\/index.php?rest_route=\/wp\/v2\/posts\/41354","targetHints":{"allow":["GET"]}}],"collection":[{"href":"https:\/\/zonaroja.com.mx\/index.php?rest_route=\/wp\/v2\/posts"}],"about":[{"href":"https:\/\/zonaroja.com.mx\/index.php?rest_route=\/wp\/v2\/types\/post"}],"author":[{"embeddable":true,"href":"https:\/\/zonaroja.com.mx\/index.php?rest_route=\/wp\/v2\/users\/2"}],"replies":[{"embeddable":true,"href":"https:\/\/zonaroja.com.mx\/index.php?rest_route=%2Fwp%2Fv2%2Fcomments&post=41354"}],"version-history":[{"count":1,"href":"https:\/\/zonaroja.com.mx\/index.php?rest_route=\/wp\/v2\/posts\/41354\/revisions"}],"predecessor-version":[{"id":41355,"href":"https:\/\/zonaroja.com.mx\/index.php?rest_route=\/wp\/v2\/posts\/41354\/revisions\/41355"}],"wp:featuredmedia":[{"embeddable":true,"href":"https:\/\/zonaroja.com.mx\/index.php?rest_route=\/wp\/v2\/media\/33422"}],"wp:attachment":[{"href":"https:\/\/zonaroja.com.mx\/index.php?rest_route=%2Fwp%2Fv2%2Fmedia&parent=41354"}],"wp:term":[{"taxonomy":"category","embeddable":true,"href":"https:\/\/zonaroja.com.mx\/index.php?rest_route=%2Fwp%2Fv2%2Fcategories&post=41354"},{"taxonomy":"post_tag","embeddable":true,"href":"https:\/\/zonaroja.com.mx\/index.php?rest_route=%2Fwp%2Fv2%2Ftags&post=41354"}],"curies":[{"name":"wp","href":"https:\/\/api.w.org\/{rel}","templated":true}]}}