{"id":41356,"date":"2022-05-19T11:01:00","date_gmt":"2022-05-19T16:01:00","guid":{"rendered":"http:\/\/www.zonaroja.com.mx\/?p=41356"},"modified":"2022-05-19T07:02:47","modified_gmt":"2022-05-19T12:02:47","slug":"opinion-el-legado-normativo-del-sexenio-de-amlo","status":"publish","type":"post","link":"https:\/\/zonaroja.com.mx\/?p=41356","title":{"rendered":"Opini\u00f3n. El legado normativo del sexenio de AMLO"},"content":{"rendered":"\n<p>Gibr\u00e1n Ram\u00edrez Reyes*<\/p>\n\n\n\n<p>Por las condiciones de la C\u00e1mara de Diputados, podr\u00eda convenirse que el legado normativo de L\u00f3pez Obrador est\u00e1 ya escrito.&nbsp;<\/p>\n\n\n\n<p>Con un estilo singular, en este gobierno se hicieron primero las reformas y luego el programa pol\u00edtico. Ha dicho el Presidente que las reformas que no pasen ser\u00e1n para despu\u00e9s.&nbsp;<\/p>\n\n\n\n<p>Con la marca de la casa, tambi\u00e9n, se han creado y modificado algunas instituciones y se han ampliado las llamadas aspiraciones constitucionales. Hasta hoy, se ha reformado la Constituci\u00f3n en m\u00e1s de 50 art\u00edculos, al menos en 15 materias.&nbsp;<\/p>\n\n\n\n<p>Las reformas pol\u00edticas (art\u00edculos 7, 8, 15) se han caracterizado por su superficialidad y su defectuoso dise\u00f1o institucional. La del Poder Judicial acrecent\u00f3 los poderes de la Presidencia de la Suprema Corte, no consider\u00f3 la impartici\u00f3n de justicia de los estados de la Rep\u00fablica y mantiene buena parte de los nombramientos de su estructura por fuera de la carrera judicial; las reformas de consulta popular y revocaci\u00f3n de mandato presentan muy serios defectos de dise\u00f1o derivados \u00fanicamente del c\u00e1lculo coyuntural.&nbsp;<\/p>\n\n\n\n<p>La consulta popular, que no se introdujo en este sexenio, s\u00ed se cambi\u00f3 para, al igual que la revocaci\u00f3n de mandato, realizarse en una fecha distinta de las elecciones de diputados federales, lo que no tiene ning\u00fan sentido, dificulta y encarece el ejercicio \u2014y adem\u00e1s ha sembrado ya terribles antecedentes que lo debilitan, tales como la reducci\u00f3n de casillas respecto de una elecci\u00f3n constitucional federal.&nbsp;<\/p>\n\n\n\n<p>Incluir\u00eda dentro de estas reformas la eliminaci\u00f3n del fuero presidencial y la de las partidas secretas, ambas que debilitan al Poder Ejecutivo. Hay tambi\u00e9n reformas impositivas (art\u00edculos 6 y 12): una, en materia de extinci\u00f3n de dominio, que permite que las autoridades puedan disponer de bienes cuya obtenci\u00f3n l\u00edcita no pueda demostrarse y sean propiedad de personas se\u00f1aladas por delitos; y otra, que proh\u00edbe la condonaci\u00f3n de impuestos, una pr\u00e1ctica que se ha evitado en este gobierno a la par del cobro de adeudos a grandes contribuyentes.&nbsp;<\/p>\n\n\n\n<p>Est\u00e1n, por \u00faltimo, las reformas en materia de derechos (art\u00edculos 1, 2, 3, 4, 5, 9, 10, 11): de paridad entre los g\u00e9neros \u2014no solo en las candidaturas, sino en la conformaci\u00f3n de ayuntamientos, gabinetes y Poder Judicial\u2014; el reconocimiento a los pueblos afromexicanos y sus derechos; la eliminaci\u00f3n de la evaluaci\u00f3n punitiva a los profesores; la obligatoriedad y garant\u00eda de la educaci\u00f3n media superior y superior; la ampliaci\u00f3n del cat\u00e1logo de la prisi\u00f3n preventiva oficiosa (un retroceso, por si no est\u00e1 claro).<\/p>\n\n\n\n<p>El compromiso de honrar los compromisos internacionales en materia de juventud; la inclusi\u00f3n del derecho a la movilidad en condiciones de seguridad vial; y, la m\u00e1s importante, la reforma en materia de bienestar del art\u00edculo cuarto, que obliga al gobierno, independientemente de qui\u00e9n lo encabece, a pagar una pensi\u00f3n a los adultos mayores \u2014recuperando as\u00ed el hecho de que las pensiones est\u00e9n en funci\u00f3n de la vejez y no de la antig\u00fcedad laboral\u2014, becas a estudiantes y a personas con discapacidad permanente y a instituir un Sistema Nacional de Salud para el Bienestar.&nbsp;<\/p>\n\n\n\n<p>De buena fe se dir\u00eda que hay programa para mejorar la realidad; con mala leche, aspiracionismo constitucional.&nbsp;<\/p>\n\n\n\n<p>@gibranrr&nbsp;<\/p>\n","protected":false},"excerpt":{"rendered":"<p>Gibr\u00e1n Ram\u00edrez Reyes* Por las condiciones de la C\u00e1mara de Diputados, podr\u00eda convenirse que el&hellip;<\/p>\n","protected":false},"author":2,"featured_media":24099,"comment_status":"closed","ping_status":"open","sticky":false,"template":"","format":"standard","meta":{"_lmt_disableupdate":"","_lmt_disable":"","_jetpack_memberships_contains_paid_content":false,"footnotes":""},"categories":[456,109],"tags":[2489],"class_list":["post-41356","post","type-post","status-publish","format-standard","has-post-thumbnail","hentry","category-columna","category-minuto-a-minuto","tag-gibran-ramirez-reyes"],"jetpack_featured_media_url":"https:\/\/zonaroja.com.mx\/wp-content\/uploads\/2021\/02\/Gibran-Ramirez-Reyes.jpg","jetpack_sharing_enabled":true,"_links":{"self":[{"href":"https:\/\/zonaroja.com.mx\/index.php?rest_route=\/wp\/v2\/posts\/41356","targetHints":{"allow":["GET"]}}],"collection":[{"href":"https:\/\/zonaroja.com.mx\/index.php?rest_route=\/wp\/v2\/posts"}],"about":[{"href":"https:\/\/zonaroja.com.mx\/index.php?rest_route=\/wp\/v2\/types\/post"}],"author":[{"embeddable":true,"href":"https:\/\/zonaroja.com.mx\/index.php?rest_route=\/wp\/v2\/users\/2"}],"replies":[{"embeddable":true,"href":"https:\/\/zonaroja.com.mx\/index.php?rest_route=%2Fwp%2Fv2%2Fcomments&post=41356"}],"version-history":[{"count":1,"href":"https:\/\/zonaroja.com.mx\/index.php?rest_route=\/wp\/v2\/posts\/41356\/revisions"}],"predecessor-version":[{"id":41357,"href":"https:\/\/zonaroja.com.mx\/index.php?rest_route=\/wp\/v2\/posts\/41356\/revisions\/41357"}],"wp:featuredmedia":[{"embeddable":true,"href":"https:\/\/zonaroja.com.mx\/index.php?rest_route=\/wp\/v2\/media\/24099"}],"wp:attachment":[{"href":"https:\/\/zonaroja.com.mx\/index.php?rest_route=%2Fwp%2Fv2%2Fmedia&parent=41356"}],"wp:term":[{"taxonomy":"category","embeddable":true,"href":"https:\/\/zonaroja.com.mx\/index.php?rest_route=%2Fwp%2Fv2%2Fcategories&post=41356"},{"taxonomy":"post_tag","embeddable":true,"href":"https:\/\/zonaroja.com.mx\/index.php?rest_route=%2Fwp%2Fv2%2Ftags&post=41356"}],"curies":[{"name":"wp","href":"https:\/\/api.w.org\/{rel}","templated":true}]}}