{"id":4136,"date":"2019-09-20T15:01:38","date_gmt":"2019-09-20T20:01:38","guid":{"rendered":"http:\/\/www.zonaroja.com.mx\/?p=4136"},"modified":"2019-09-20T15:01:41","modified_gmt":"2019-09-20T20:01:41","slug":"preparan-paro-universidades-del-pais-por-recortes-presupuestales","status":"publish","type":"post","link":"https:\/\/zonaroja.com.mx\/?p=4136","title":{"rendered":"Preparan paro universidades del pa\u00eds por recortes presupuestales"},"content":{"rendered":"\n<p>Redacci\u00f3n\/Zona\nRoja Cdmx.<\/p>\n\n\n\n<p>Ciudad de\nM\u00e9xico, 20 de septiembre de 2019.- Afiliados a la Confederaci\u00f3n Nacional de\nTrabajadores Universitarios (Contu) acordaron ayer realizar un paro de labores\nel 9 de octubre en las universidades p\u00fablicas del pa\u00eds, en demanda de que se\natienda la crisis financiera que atraviesan nueve de ellas, entre otra la UABJO.<\/p>\n\n\n\n<p>En una\nasamblea extraordinaria celebrada en la Universidad Nacional Aut\u00f3noma de M\u00e9xico\n(UNAM), la Contu aprob\u00f2 la jornada de protesta y se\u00f1al\u00f3 que las universidades\nen crisis que no cuentan con recursos para pagar a sus trabajadores, en algunos\ncasos, a partir de la primera quincena de octubre.<\/p>\n\n\n\n<p>Los l\u00edderes\nde 52 sindicatos universitarios, entre administrativos y acad\u00e9micos, institutos\ntecnol\u00f3gicos; la Coordinadora Nacional de Sindicatos Universitarios de\nEducaci\u00f3n Superior, Investigaci\u00f3n y Cultura votaron en favor de buscar la\npr\u00f3xima semana, un di\u00e1logo con legisladores federales universitarios o ligados\na las casas de estudios.<\/p>\n\n\n\n<p>Lo anterior\ncon la finalidad de que se apoyen a las instituciones de educaci\u00f3n superior\np\u00fablicas en el contexto de la revisi\u00f3n de Proyecto de Presupuesto de Egresos de\nla Federaci\u00f3n.<\/p>\n\n\n\n<p>En diversas\nocasiones, el rector de la UABJO, Eduardo Bautista Mart\u00ecnez, ha expresado en\ndistintos foros la necesidad de que el Congreso de la Uni\u00f3n como el Congreso\nlocal destinen mayor presupuesto para la m\u00e1xima casa de estudios, que cada a\u00f1o\nenfrenta un d\u00e9ficit presupuestal.<\/p>\n","protected":false},"excerpt":{"rendered":"<p>Redacci\u00f3n\/Zona Roja Cdmx. Ciudad de M\u00e9xico, 20 de septiembre de 2019.- Afiliados a la Confederaci\u00f3n&hellip;<\/p>\n","protected":false},"author":2,"featured_media":4137,"comment_status":"closed","ping_status":"open","sticky":false,"template":"","format":"standard","meta":{"_lmt_disableupdate":"","_lmt_disable":"","_jetpack_memberships_contains_paid_content":false,"footnotes":""},"categories":[109,47],"tags":[739],"class_list":["post-4136","post","type-post","status-publish","format-standard","has-post-thumbnail","hentry","category-minuto-a-minuto","category-zona-gris","tag-paro-universidades-del-pais"],"jetpack_featured_media_url":"https:\/\/zonaroja.com.mx\/wp-content\/uploads\/2019\/09\/Contu.jpg","jetpack_sharing_enabled":true,"_links":{"self":[{"href":"https:\/\/zonaroja.com.mx\/index.php?rest_route=\/wp\/v2\/posts\/4136","targetHints":{"allow":["GET"]}}],"collection":[{"href":"https:\/\/zonaroja.com.mx\/index.php?rest_route=\/wp\/v2\/posts"}],"about":[{"href":"https:\/\/zonaroja.com.mx\/index.php?rest_route=\/wp\/v2\/types\/post"}],"author":[{"embeddable":true,"href":"https:\/\/zonaroja.com.mx\/index.php?rest_route=\/wp\/v2\/users\/2"}],"replies":[{"embeddable":true,"href":"https:\/\/zonaroja.com.mx\/index.php?rest_route=%2Fwp%2Fv2%2Fcomments&post=4136"}],"version-history":[{"count":1,"href":"https:\/\/zonaroja.com.mx\/index.php?rest_route=\/wp\/v2\/posts\/4136\/revisions"}],"predecessor-version":[{"id":4138,"href":"https:\/\/zonaroja.com.mx\/index.php?rest_route=\/wp\/v2\/posts\/4136\/revisions\/4138"}],"wp:featuredmedia":[{"embeddable":true,"href":"https:\/\/zonaroja.com.mx\/index.php?rest_route=\/wp\/v2\/media\/4137"}],"wp:attachment":[{"href":"https:\/\/zonaroja.com.mx\/index.php?rest_route=%2Fwp%2Fv2%2Fmedia&parent=4136"}],"wp:term":[{"taxonomy":"category","embeddable":true,"href":"https:\/\/zonaroja.com.mx\/index.php?rest_route=%2Fwp%2Fv2%2Fcategories&post=4136"},{"taxonomy":"post_tag","embeddable":true,"href":"https:\/\/zonaroja.com.mx\/index.php?rest_route=%2Fwp%2Fv2%2Ftags&post=4136"}],"curies":[{"name":"wp","href":"https:\/\/api.w.org\/{rel}","templated":true}]}}