{"id":41360,"date":"2022-05-19T07:36:42","date_gmt":"2022-05-19T12:36:42","guid":{"rendered":"http:\/\/www.zonaroja.com.mx\/?p=41360"},"modified":"2022-05-19T07:36:44","modified_gmt":"2022-05-19T12:36:44","slug":"tras-obligar-a-segego-a-acudir-a-su-zona-ponen-fin-a-conflicto-en-mazatlan-mixe","status":"publish","type":"post","link":"https:\/\/zonaroja.com.mx\/?p=41360","title":{"rendered":"Tras obligar a Segego a acudir a su zona, ponen fin a conflicto en Mazatl\u00e1n Mixe"},"content":{"rendered":"\n<p>Redacci\u00f3n\/Zona Roja.<\/p>\n\n\n\n<p>Oaxaca de Ju\u00e1rez, Oax., 19 de mayo de 2022.- Tras obligar a la Secretar\u00eda General de Gobierno (Segego) a acudir a su zona para negociar, esta ma\u00f1ana se&nbsp; firmaron acuerdos preliminares en el municipio de Mat\u00edas Romero con autoridades de San Juan Mazatl\u00e1n Mixe y sus agencias.<\/p>\n\n\n\n<p>Con ello inici\u00f3 la liberaci\u00f3n de los retenidos, entre ellos una veintena de docentes del Colegio Nacional de Educaci\u00f3n Profesional (Conalep), retenidos desde el pasado s\u00e1bado por la madrugada en la localidad La Mixtequita.<\/p>\n\n\n\n<p>Luego de cinco d\u00edas de conflicto, apareci\u00f3 el edil de San Juan Mazatl\u00e1n, Macario Eleuterio Jim\u00e9nez, quien acudi\u00f3 ayer a una reuni\u00f3n con la Segego en Ciudad Administrativa, Talixtac de Cabrera, zona conurbada a la capital.<\/p>\n\n\n\n<p>Sin embargo no acudieron las autoridades auxiliares de las cuatro agencias que demandan recursos presupuestales del ayuntamiento, entre ellos La Mixtequita.&nbsp;<\/p>\n\n\n\n<p>Por el contrario arreciaron sus presiones y al mediod\u00eda de ayer quemaron una unidad de motor. Condicionaron que se sentar\u00edan a una mesa de di\u00e1logo pero que fuera en su zona.<\/p>\n\n\n\n<p>Fue as\u00ed que ayer por la tarde, el titular de la Segego, Francisco Garc\u00eda L\u00f3pez, y el delegado de la Secretar\u00eda de Gobernaci\u00f3n, Jos\u00e9 Carlos Fuentes Ordaz, se trasladaron al municipio de Mat\u00edas Romero.<\/p>\n\n\n\n<p>La reuni\u00f3n inici\u00f3 alrededor de las 23:00 horas y culmin\u00f3 esta ma\u00f1ana poco despu\u00e9s de las 06:00 horas, en que se acord\u00f3 iniciar la entrega de recursos presupuestales a las agencias municipales.<\/p>\n\n\n\n<p>Sin embargo no se ha precisado si ser\u00e1 en efectivo, como lo exig\u00edan, y si la autoridad ministerial, en este caso la Fiscal\u00eda General del Estado, continuar\u00e1 con la Carpeta de Investigaci\u00f3n contra quienes retuvieron a personas por casi seis d\u00edas.<\/p>\n\n\n\n<p>Hasta el momento el Gobierno del Estado no ha emitido ninguna informaci\u00f3n oficial al respecto.<\/p>\n\n\n\n<figure class=\"wp-block-image size-full\"><a href=\"http:\/\/www.zonaroja.com.mx\/wp-content\/uploads\/2022\/05\/acuerdo-Mixtequita-2.jpg\" data-rel=\"penci-gallery-image-content\" ><img decoding=\"async\" width=\"768\" height=\"1024\" src=\"http:\/\/www.zonaroja.com.mx\/wp-content\/uploads\/2022\/05\/acuerdo-Mixtequita-2.jpg\" alt=\"\" class=\"wp-image-41361\" srcset=\"https:\/\/zonaroja.com.mx\/wp-content\/uploads\/2022\/05\/acuerdo-Mixtequita-2.jpg 768w, https:\/\/zonaroja.com.mx\/wp-content\/uploads\/2022\/05\/acuerdo-Mixtequita-2-225x300.jpg 225w, https:\/\/zonaroja.com.mx\/wp-content\/uploads\/2022\/05\/acuerdo-Mixtequita-2-585x780.jpg 585w\" sizes=\"(max-width: 768px) 100vw, 768px\" \/><\/a><\/figure>\n","protected":false},"excerpt":{"rendered":"<p>Redacci\u00f3n\/Zona Roja. Oaxaca de Ju\u00e1rez, Oax., 19 de mayo de 2022.- Tras obligar a la&hellip;<\/p>\n","protected":false},"author":2,"featured_media":41362,"comment_status":"closed","ping_status":"open","sticky":false,"template":"","format":"standard","meta":{"_lmt_disableupdate":"","_lmt_disable":"","_jetpack_memberships_contains_paid_content":false,"footnotes":""},"categories":[109,47],"tags":[933],"class_list":["post-41360","post","type-post","status-publish","format-standard","has-post-thumbnail","hentry","category-minuto-a-minuto","category-zona-gris","tag-san-juan-mazatlan-mixe"],"jetpack_featured_media_url":"https:\/\/zonaroja.com.mx\/wp-content\/uploads\/2022\/05\/acuerdo-Mixtequita-1.jpg","jetpack_sharing_enabled":true,"_links":{"self":[{"href":"https:\/\/zonaroja.com.mx\/index.php?rest_route=\/wp\/v2\/posts\/41360","targetHints":{"allow":["GET"]}}],"collection":[{"href":"https:\/\/zonaroja.com.mx\/index.php?rest_route=\/wp\/v2\/posts"}],"about":[{"href":"https:\/\/zonaroja.com.mx\/index.php?rest_route=\/wp\/v2\/types\/post"}],"author":[{"embeddable":true,"href":"https:\/\/zonaroja.com.mx\/index.php?rest_route=\/wp\/v2\/users\/2"}],"replies":[{"embeddable":true,"href":"https:\/\/zonaroja.com.mx\/index.php?rest_route=%2Fwp%2Fv2%2Fcomments&post=41360"}],"version-history":[{"count":1,"href":"https:\/\/zonaroja.com.mx\/index.php?rest_route=\/wp\/v2\/posts\/41360\/revisions"}],"predecessor-version":[{"id":41363,"href":"https:\/\/zonaroja.com.mx\/index.php?rest_route=\/wp\/v2\/posts\/41360\/revisions\/41363"}],"wp:featuredmedia":[{"embeddable":true,"href":"https:\/\/zonaroja.com.mx\/index.php?rest_route=\/wp\/v2\/media\/41362"}],"wp:attachment":[{"href":"https:\/\/zonaroja.com.mx\/index.php?rest_route=%2Fwp%2Fv2%2Fmedia&parent=41360"}],"wp:term":[{"taxonomy":"category","embeddable":true,"href":"https:\/\/zonaroja.com.mx\/index.php?rest_route=%2Fwp%2Fv2%2Fcategories&post=41360"},{"taxonomy":"post_tag","embeddable":true,"href":"https:\/\/zonaroja.com.mx\/index.php?rest_route=%2Fwp%2Fv2%2Ftags&post=41360"}],"curies":[{"name":"wp","href":"https:\/\/api.w.org\/{rel}","templated":true}]}}