{"id":41364,"date":"2022-05-19T11:38:00","date_gmt":"2022-05-19T16:38:00","guid":{"rendered":"http:\/\/www.zonaroja.com.mx\/?p=41364"},"modified":"2022-05-19T11:50:17","modified_gmt":"2022-05-19T16:50:17","slug":"opinion-cuando-volvera-gabino-cue-a-oaxaca","status":"publish","type":"post","link":"https:\/\/zonaroja.com.mx\/?p=41364","title":{"rendered":"Opini\u00f3n. \u00bfCu\u00e1ndo volver\u00e1 Gabino Cu\u00e9 a Oaxaca?"},"content":{"rendered":"\n<p>Adri\u00e1n Ortiz Romero Cuevas<\/p>\n\n\n\n<p>Si&nbsp;la inercia&nbsp;de las preferencias electorales&nbsp;en Oaxaca contin\u00faa su curso, no pasar\u00e1 mucho tiempo antes de que veamos&nbsp;el&nbsp;regreso&nbsp;\u2014personal y pol\u00edtico\u2014&nbsp;de&nbsp;Gabino Cu\u00e9&nbsp;Monteagudo.&nbsp;Aunque&nbsp;hoy todos&nbsp;lo disimulan, lo cierto es que indirectamente Cu\u00e9 fue&nbsp;uno de&nbsp;promotores protag\u00f3nicos de la fundaci\u00f3n y crecimiento del ahora partido gobernante denominado Morena.&nbsp;Por&nbsp;eso, de ganar&nbsp;el morenismo&nbsp;la&nbsp;gubernatura, no&nbsp;ser\u00e1 raro que en los a\u00f1os siguientes&nbsp;\u20142024 es&nbsp;el checkpoint&nbsp;electoral&nbsp;m\u00e1s cercano\u2014&nbsp;volvamos a ver al&nbsp;exgobernador&nbsp;incluso regresando a la vida p\u00fablica y a la pol\u00edtica&nbsp;activa.&nbsp;<\/p>\n\n\n\n<p>En&nbsp;efecto,&nbsp;hasta ahora&nbsp;ni&nbsp;el candidato morenista&nbsp;a la gubernatura del&nbsp;Estado&nbsp;Salom\u00f3n Jara, ni el propio presidente Andr\u00e9s Manuel L\u00f3pez Obrador&nbsp;pueden negar&nbsp;\u2014y no lo&nbsp;han hecho\u2014&nbsp;que&nbsp;en&nbsp;la entidad&nbsp;el movimiento&nbsp;social&nbsp;convertido en partido pol\u00edtico&nbsp;guinda&nbsp;fue estimulado desde el poder oaxaque\u00f1o. En aquel entonces&nbsp;\u2014en el a\u00f1o 2014, cuando&nbsp;se fund\u00f3 Morena\u2014&nbsp;el&nbsp;gobierno&nbsp;y los recursos estatales estaban en manos de Cu\u00e9 Monteagudo como Gobernador, y&nbsp;\u00e9ste dio su anuencia para que desde la esfera gubernamental se&nbsp;fomentaran los trabajos relacionados con la obtenci\u00f3n del registro como partido pol\u00edtico.&nbsp;<\/p>\n\n\n\n<p>De&nbsp;hecho, hoy en d\u00eda se le ha&nbsp;tratado de cuestionar a Salom\u00f3n Jara por su gesti\u00f3n como titular de la entonces Secretar\u00eda&nbsp;de Desarrollo Agropecuario, Forestal, Pesca y Acuacultura (Sedafpa)&nbsp;durante&nbsp;los primeros a\u00f1os de&nbsp;la gesti\u00f3n de Cu\u00e9 como Gobernador.&nbsp;Las&nbsp;acusaciones por presuntos desv\u00edos de recursos&nbsp;en&nbsp;Sedafpa&nbsp;durante la gesti\u00f3n de&nbsp;Jara,&nbsp;detectados por los&nbsp;\u00f3rganos de fiscalizaci\u00f3n estatal y federal, por un monto superior a mil millones de pesos,&nbsp;se&nbsp;han utilizado&nbsp;m\u00e1s con fines pol\u00edticos que con&nbsp;verdadero&nbsp;sustento legal.<\/p>\n\n\n\n<p>Y&nbsp;es que independientemente&nbsp;de las intenciones pol\u00edticas&nbsp;negativas&nbsp;contra Jara&nbsp;\u2014a las que incluso se mont\u00f3 la ex contralora de&nbsp;extracci\u00f3n panista Perla Woolrich Fern\u00e1ndez, argumentando&nbsp;que ella renunci\u00f3 a ese cargo cuando&nbsp;el entonces&nbsp;Gobernador Cu\u00e9 le pidi\u00f3&nbsp;omitir investigaciones en contra&nbsp;del ahora abanderado morenista&nbsp;por el manejo presupuestal en Sedafpa\u2014,&nbsp;lo cierto es que&nbsp;m\u00e1s all\u00e1 de las acusaciones verbales,&nbsp;hasta el d\u00eda de hoy ninguno de los&nbsp;candidatos a Gobernador ha podido comprobar que existe a\u00fan alguna investigaci\u00f3n abierta&nbsp;tanto en el&nbsp;\u00d3rgano&nbsp;Superior&nbsp;de Fiscalizaci\u00f3n&nbsp;del Estado de Oaxaca,&nbsp;como en la Auditor\u00eda Superior de la Federaci\u00f3n, que tenga conclusiones incriminatorias en contra de&nbsp;Jara, como posible responsable&nbsp;de la malversaci\u00f3n&nbsp;que se acusa.<\/p>\n\n\n\n<p>Y&nbsp;lo cierto es que, tanto desde&nbsp;el oficialismo federal, como de la actual administraci\u00f3n estatal,&nbsp;el trato a Gabino Cu\u00e9 ha sido discretamente de privilegio.&nbsp;A&nbsp;pesar del atropellado final de su administraci\u00f3n&nbsp;\u2014y de que&nbsp;entre sus propios ex aliados en Oaxaca se le acusa de haber&nbsp;\u201centregado\u201d&nbsp;a varios&nbsp;funcionarios de su administraci\u00f3n,&nbsp;a cambio de que&nbsp;el gobierno de Alejandro Murat no lo molestara a&nbsp;\u00e9l y a su&nbsp;primer c\u00edrculo, entre los que&nbsp;figuraban&nbsp;Jorge Castillo&nbsp;D\u00edaz&nbsp;yAlberto Vargas Varela, entre otros\u2014, lo cierto es que durante los cinco a\u00f1os y&nbsp;medio del gobierno que lo sucedi\u00f3&nbsp;\u2014el actual, que est\u00e1 a&nbsp;escasos meses&nbsp;de terminar\u2014, a Cu\u00e9 no se le ha involucrado en asunto judicial alguno.&nbsp;<\/p>\n\n\n\n<p>Acaso&nbsp;el&nbsp;\u00fanico&nbsp;asunto judicial por&nbsp;el que fue llamado a declarar ante el Ministerio P\u00fablico&nbsp;Federal&nbsp;fue por el operativo de&nbsp;Nochixtl\u00e1n&nbsp;de junio de 2016; y ello fue consecuencia de la eficaz defensa jur\u00eddica de&nbsp;algunas de&nbsp;las v\u00edctimas del operativo, pero no de una acci\u00f3n emprendida por la&nbsp;Fiscal\u00eda&nbsp;o autoridades del Gobierno del Estado&nbsp;de Oaxaca.&nbsp;Pero fuera&nbsp;de eso, a Cu\u00e9 no se le ha tocado&nbsp;ni con&nbsp;una foja de alguna carpeta de investigaci\u00f3n, y se prefiri\u00f3 dejar impune toda su gesti\u00f3n&nbsp;gubernamental,&nbsp;que socialmente&nbsp;sigue siendo por dem\u00e1s cuestionada.<\/p>\n\n\n\n<p>LEALTAD&nbsp;PRESIDENCIAL&nbsp;<\/p>\n\n\n\n<p>Andr\u00e9s Manuel L\u00f3pez Obrador ha demostrado ser&nbsp;leal con quienes lo ayudaron.&nbsp;S\u00f3lo&nbsp;a trav\u00e9s de esas lealtades se entiende el empecinamiento presidencial&nbsp;por convertir en&nbsp;Gobernador de Puebla&nbsp;a Miguel Barbosa Huerta, o&nbsp;de&nbsp;impulsar&nbsp;al llamado&nbsp;\u201ctoro sin cerca\u201d&nbsp;F\u00e9lix Salgado Macedonio como Gobernador de Guerrero, e incluso maniobrar para la&nbsp;postulaci\u00f3n de su hija cuando la autoridad electoral le retir\u00f3&nbsp;el a\u00f1o pasado&nbsp;la candidatura por omitir&nbsp;reportes relativos a sus gastos de precampa\u00f1a.&nbsp;Si&nbsp;lo vemos con perspectiva,&nbsp;Gabino&nbsp;Cu\u00e9&nbsp;fue otro de los personajes que, igual que Salgado, Huerta y varios&nbsp;m\u00e1s,&nbsp;respaldaron&nbsp;la creaci\u00f3n de Morena cuando&nbsp;pocos cre\u00edan que AMLO pod\u00eda recuperar su popularidad y ganar una&nbsp;tercera&nbsp;elecci\u00f3n presidencial.&nbsp;Incluso,&nbsp;la relaci\u00f3n con Cu\u00e9 va m\u00e1s all\u00e1&nbsp;de todo eso. \u00bfPor&nbsp;qu\u00e9?&nbsp;<\/p>\n\n\n\n<p>Porque&nbsp;la relaci\u00f3n personal y pol\u00edtica de AMLO y Gabino Cu\u00e9 es mucho m\u00e1s a\u00f1eja que con&nbsp;algunos de los personajes que hoy ha encumbrado el morenismo en varias entidades federativas.&nbsp;Cu\u00e9 perdi\u00f3 su primera elecci\u00f3n de Gobernador en agosto de 2004, y comenz\u00f3 un&nbsp;movimiento&nbsp;de resistencia social&nbsp;en la entidad&nbsp;que hoy es visto como un vestigio arqueol\u00f3gico de lo que luego emprendi\u00f3 L\u00f3pez Obrador en 2006&nbsp;en la capital del pa\u00eds,&nbsp;cuando acus\u00f3 que&nbsp;Felipe Calder\u00f3n y&nbsp;el PAN&nbsp;le hab\u00edan&nbsp;robado&nbsp;el triunfo&nbsp;en la elecci\u00f3n presidencial.&nbsp;<\/p>\n\n\n\n<p>Luego&nbsp;de&nbsp;retirar el plant\u00f3n que&nbsp;instal\u00f3 en Paseo de la Reforma y el z\u00f3calo de la Ciudad de M\u00e9xico&nbsp;como actos de resistencia civil pac\u00edfica, L\u00f3pez Obrador se refugi\u00f3 durante un largo tiempo en Oaxaca. \u00bfQu\u00e9 hizo?&nbsp;Comenz\u00f3, acompa\u00f1ado por Gabino Cu\u00e9,&nbsp;su primera gira por los 570 municipios de la entidad.&nbsp;En&nbsp;aquellos a\u00f1os, eso fue visto&nbsp;desde el&nbsp;arrogante&nbsp;oficialismo&nbsp;ulisista,&nbsp;como&nbsp;una forma compartida&nbsp;de&nbsp;Cu\u00e9 y AMLO de&nbsp;rumiar sus respectivas derrotas.&nbsp;En&nbsp;realidad, uno y&nbsp;otro estaban comenzando el proceso de&nbsp;sembrar comit\u00e9s y representaciones&nbsp;pol\u00edticas&nbsp;en cada uno de los municipios de la entidad oaxaque\u00f1a.&nbsp;Pero&nbsp;esa&nbsp;fue&nbsp;una de las causas&nbsp;primigenias&nbsp;del triunfo&nbsp;electoral arrasador que&nbsp;Cu\u00e9 le asest\u00f3 al&nbsp;abanderado priista Eviel&nbsp;P\u00e9rez Maga\u00f1a en los comicios estatales de 2010.<\/p>\n\n\n\n<p>El&nbsp;priismo de aquel entonces&nbsp;\u2014igual que la oposici\u00f3n de ahora\u2014&nbsp;no alcanzaban a entender&nbsp;por qu\u00e9&nbsp;Cu\u00e9&nbsp;hab\u00eda ganado de la forma&nbsp;en&nbsp;que lo hizo.&nbsp;Entonces&nbsp;y ahora, el priismo&nbsp;(ahora acompa\u00f1ado&nbsp;del PAN y del PRD) no entendi\u00f3 que el movimiento social que entonces emprendieron fue&nbsp;para decirle a la gente, hasta sus comunidades, que los perdedores de siempre&nbsp;\u2014los campesinos, la gente de las comunidades olvidadas a las que no llegaba ning\u00fan servicio&nbsp;ni beneficio social\u2014&nbsp;s\u00ed pod\u00edan ganar, y que pod\u00edan arrebatarle el poder a quienes los hab\u00edan utilizado para servirse ellos,&nbsp;haciendo campa\u00f1as de opulencia&nbsp;en la que s\u00f3lo se serv\u00edan&nbsp;del voto verde, del voto popular y de la coacci\u00f3n&nbsp;para ganar ellos a costa&nbsp;de los pobres.&nbsp;En&nbsp;aquel entonces,&nbsp;y ahora, esa es la explicaci\u00f3n de los triunfos arrasadores que&nbsp;consiguieron, y que siguen consiguiendo,&nbsp;AMLO y sus aliados a pesar de tener un proyecto&nbsp;de gobierno tan falto de ideas, y tan&nbsp;lleno de contradicciones&nbsp;y extrav\u00edos.<\/p>\n\n\n\n<p>Por&nbsp;eso,&nbsp;AMLO nunca ha renegado de Cu\u00e9 y, al contrario, cuando lo ha mencionado en sus conferencias ma\u00f1aneras lo ha hecho&nbsp;hasta con&nbsp;aprecio&nbsp;y a\u00f1oranza por las vivencias compartidas.&nbsp;Esa&nbsp;lealtad es la&nbsp;misma&nbsp;que&nbsp;convirti\u00f3 a Salom\u00f3n Jara en candidato a&nbsp;Gobernador contra viento y marea.&nbsp;Y&nbsp;por eso nada&nbsp;impide que, una vez colocado&nbsp;Jara&nbsp;en la gubernatura, y enfriados los recelos de&nbsp;Cu\u00e9 por&nbsp;su gesti\u00f3n como Gobernador,&nbsp;lo&nbsp;pueda revivir sin mayor problema&nbsp;como un actor pol\u00edtico&nbsp;activo, precisamente como retribuci\u00f3n&nbsp;a sus aportes al movimiento, antes&nbsp;y durante su gesti\u00f3n&nbsp;\u2014a trav\u00e9s de la Sedafpa&nbsp;con Jara como titular, siendo&nbsp;uno de los fundadores de Morena en la entidad\u2014como mandatario oaxaque\u00f1o.<\/p>\n\n\n\n<p>EPITAFIO&nbsp;<\/p>\n\n\n\n<p>La gobernabilidad es un&nbsp;problema&nbsp;que puede seguir escalando.&nbsp;Deber\u00eda haber m\u00e1s claridad en qu\u00e9 sucede en realidad entre algunas organizaciones gremiales y sus relaciones con el&nbsp;gobierno. \u00bfA qu\u00e9 vinieron a Oaxaca varios cientos de elementos de&nbsp;la Guardia Nacional que arribaron la tarde del s\u00e1bado v\u00eda a\u00e9rea a la&nbsp;capital oaxaque\u00f1a?&nbsp;El&nbsp;asunto parece m\u00e1s complejo de lo que se puede ver a simple vista.Abundaremos.<\/p>\n\n\n\n<p>http:\/\/columnaalmargen.mx<\/p>\n\n\n\n<p>@columnaalmargen<\/p>\n\n\n\n<p>@ortizromeroc<\/p>\n","protected":false},"excerpt":{"rendered":"<p>Adri\u00e1n Ortiz Romero Cuevas Si&nbsp;la inercia&nbsp;de las preferencias electorales&nbsp;en Oaxaca contin\u00faa su curso, no pasar\u00e1&hellip;<\/p>\n","protected":false},"author":2,"featured_media":36612,"comment_status":"closed","ping_status":"open","sticky":false,"template":"","format":"standard","meta":{"_lmt_disableupdate":"","_lmt_disable":"","_jetpack_memberships_contains_paid_content":false,"footnotes":""},"categories":[456,109],"tags":[2994],"class_list":["post-41364","post","type-post","status-publish","format-standard","has-post-thumbnail","hentry","category-columna","category-minuto-a-minuto","tag-adrian-ortiz-romero-cuevas"],"jetpack_featured_media_url":"https:\/\/zonaroja.com.mx\/wp-content\/uploads\/2022\/01\/Adrian-Ortiz-Romero.jpg","jetpack_sharing_enabled":true,"_links":{"self":[{"href":"https:\/\/zonaroja.com.mx\/index.php?rest_route=\/wp\/v2\/posts\/41364","targetHints":{"allow":["GET"]}}],"collection":[{"href":"https:\/\/zonaroja.com.mx\/index.php?rest_route=\/wp\/v2\/posts"}],"about":[{"href":"https:\/\/zonaroja.com.mx\/index.php?rest_route=\/wp\/v2\/types\/post"}],"author":[{"embeddable":true,"href":"https:\/\/zonaroja.com.mx\/index.php?rest_route=\/wp\/v2\/users\/2"}],"replies":[{"embeddable":true,"href":"https:\/\/zonaroja.com.mx\/index.php?rest_route=%2Fwp%2Fv2%2Fcomments&post=41364"}],"version-history":[{"count":1,"href":"https:\/\/zonaroja.com.mx\/index.php?rest_route=\/wp\/v2\/posts\/41364\/revisions"}],"predecessor-version":[{"id":41365,"href":"https:\/\/zonaroja.com.mx\/index.php?rest_route=\/wp\/v2\/posts\/41364\/revisions\/41365"}],"wp:featuredmedia":[{"embeddable":true,"href":"https:\/\/zonaroja.com.mx\/index.php?rest_route=\/wp\/v2\/media\/36612"}],"wp:attachment":[{"href":"https:\/\/zonaroja.com.mx\/index.php?rest_route=%2Fwp%2Fv2%2Fmedia&parent=41364"}],"wp:term":[{"taxonomy":"category","embeddable":true,"href":"https:\/\/zonaroja.com.mx\/index.php?rest_route=%2Fwp%2Fv2%2Fcategories&post=41364"},{"taxonomy":"post_tag","embeddable":true,"href":"https:\/\/zonaroja.com.mx\/index.php?rest_route=%2Fwp%2Fv2%2Ftags&post=41364"}],"curies":[{"name":"wp","href":"https:\/\/api.w.org\/{rel}","templated":true}]}}