{"id":41366,"date":"2022-05-19T07:44:28","date_gmt":"2022-05-19T12:44:28","guid":{"rendered":"http:\/\/www.zonaroja.com.mx\/?p=41366"},"modified":"2022-05-19T07:44:31","modified_gmt":"2022-05-19T12:44:31","slug":"garantizar-el-acceso-efectivo-a-la-justicia-requiere-del-trabajo-conjunto-eps","status":"publish","type":"post","link":"https:\/\/zonaroja.com.mx\/?p=41366","title":{"rendered":"Garantizar el acceso efectivo a la justicia requiere del trabajo conjunto: EPS"},"content":{"rendered":"\n<p>Redacci\u00f3n\/Zona Roja.<\/p>\n\n\n\n<p>Oaxaca de Ju\u00e1rez, Oax., 19 de junio de 2022.- El Poder Judicial de Oaxaca, abierto a mejorar y fortalecer la consolidaci\u00f3n del Sistema de Justicia Penal Acusatorio, ser\u00e1 parte del proyecto piloto para el monitoreo y evaluaci\u00f3n de la&nbsp;Gu\u00edas Judiciales de Conducci\u00f3n de Audiencias,&nbsp;que a trav\u00e9s del intercambio de experiencias buscan&nbsp;homologar la aplicaci\u00f3n de leyes y que dicho sistema funcione&nbsp;en el pa\u00eds&nbsp;de manera eficaz.<\/p>\n\n\n\n<p>En reuni\u00f3n de trabajo con&nbsp;representantes&nbsp;de&nbsp;la Oficina Internacional para el Desarrollo de Sistemas de Procuraci\u00f3n de Justicia (OPDAT-M\u00e9xico) del Departamento de Justicia de los Estados Unidos de Am\u00e9rica&nbsp;y de la&nbsp;Unidad para la Consolidaci\u00f3n del Nuevo Sistema de Justicia Penal&nbsp;del&nbsp;Consejo de la Judicatura Federal (CJF) del Poder Judicial de la Federaci\u00f3n,&nbsp;con las cuales en un trabajo conjunto se elaboraron las gu\u00edas,&nbsp;se revisaron&nbsp;los procesos a seguir&nbsp;y requerimientos espec\u00edficos.&nbsp;<\/p>\n\n\n\n<p>Durante el encuentro, realizado en la sede del Tribunal Superior de Justicia del Estado, en Ciudad Judicial,&nbsp;al que tambi\u00e9n asistieron servidores p\u00fablicos de la Secretar\u00eda General de Gobierno y la Fiscal\u00eda General del Estado, el magistrado presidente Eduardo Pinacho S\u00e1nchez reiter\u00f3 el inter\u00e9s y compromiso de la instituci\u00f3n de sumarse a este proyecto y Oaxaca se convierta en punta de lanza.&nbsp;<\/p>\n\n\n\n<p>Acompa\u00f1ado de magistradas y magistrados de Salas Penales, del Visitador General y del Director de la Escuela Judicial se\u00f1al\u00f3 que al ser la entidad pionera en&nbsp;el modelo basado en los juicios orales y que represent\u00f3 en el pa\u00eds un avance hist\u00f3rico,&nbsp;este&nbsp;trabajo coordinado&nbsp;permitir\u00e1&nbsp;fortalecer&nbsp;las capacidades de las y los operadores judiciales, como son juezas, jueces, fiscales, defensores p\u00fablicos y asesores de v\u00edctimas.&nbsp;<\/p>\n\n\n\n<p>Adem\u00e1s de presentarse la versi\u00f3n final de las&nbsp;Gu\u00edas Judiciales de Conducci\u00f3n de Audiencias, que implicaron una labor de tres a\u00f1os, en la sesi\u00f3n se dio a conocer el&nbsp;micrositio&nbsp;de difusi\u00f3n de las mismas en&nbsp;el cual&nbsp;se podr\u00e1n consultar un total de 143 documentos, as\u00ed como la plataforma para el monitoreo y evaluaci\u00f3n que se aplicar\u00e1 de junio a diciembre de este a\u00f1o.&nbsp;<\/p>\n\n\n\n<p>Ser\u00e1 el pr\u00f3ximo mes de junio cuando se presenten formalmente&nbsp;las gu\u00edas&nbsp;que representar\u00e1n herramientas&nbsp;en el fortalecimiento de la rama judicial en M\u00e9xico, permitiendo un mejor conocimiento, manejo y funcionamiento del sistema acusatorio a trav\u00e9s de la institucionalizaci\u00f3n de las mejores pr\u00e1cticas judiciales, derivado de la experiencia en la aplicaci\u00f3n de este tipo de instrumentos en otros pa\u00edses.<\/p>\n","protected":false},"excerpt":{"rendered":"<p>Redacci\u00f3n\/Zona Roja. Oaxaca de Ju\u00e1rez, Oax., 19 de junio de 2022.- El Poder Judicial de&hellip;<\/p>\n","protected":false},"author":2,"featured_media":41367,"comment_status":"closed","ping_status":"open","sticky":false,"template":"","format":"standard","meta":{"_lmt_disableupdate":"","_lmt_disable":"","_jetpack_memberships_contains_paid_content":false,"footnotes":""},"categories":[109,46],"tags":[223],"class_list":["post-41366","post","type-post","status-publish","format-standard","has-post-thumbnail","hentry","category-minuto-a-minuto","category-zona-blanca","tag-poder-judicial-de-oaxaca"],"jetpack_featured_media_url":"https:\/\/zonaroja.com.mx\/wp-content\/uploads\/2022\/05\/Poder-Judicial-Oaxaca.jpg","jetpack_sharing_enabled":true,"_links":{"self":[{"href":"https:\/\/zonaroja.com.mx\/index.php?rest_route=\/wp\/v2\/posts\/41366","targetHints":{"allow":["GET"]}}],"collection":[{"href":"https:\/\/zonaroja.com.mx\/index.php?rest_route=\/wp\/v2\/posts"}],"about":[{"href":"https:\/\/zonaroja.com.mx\/index.php?rest_route=\/wp\/v2\/types\/post"}],"author":[{"embeddable":true,"href":"https:\/\/zonaroja.com.mx\/index.php?rest_route=\/wp\/v2\/users\/2"}],"replies":[{"embeddable":true,"href":"https:\/\/zonaroja.com.mx\/index.php?rest_route=%2Fwp%2Fv2%2Fcomments&post=41366"}],"version-history":[{"count":1,"href":"https:\/\/zonaroja.com.mx\/index.php?rest_route=\/wp\/v2\/posts\/41366\/revisions"}],"predecessor-version":[{"id":41368,"href":"https:\/\/zonaroja.com.mx\/index.php?rest_route=\/wp\/v2\/posts\/41366\/revisions\/41368"}],"wp:featuredmedia":[{"embeddable":true,"href":"https:\/\/zonaroja.com.mx\/index.php?rest_route=\/wp\/v2\/media\/41367"}],"wp:attachment":[{"href":"https:\/\/zonaroja.com.mx\/index.php?rest_route=%2Fwp%2Fv2%2Fmedia&parent=41366"}],"wp:term":[{"taxonomy":"category","embeddable":true,"href":"https:\/\/zonaroja.com.mx\/index.php?rest_route=%2Fwp%2Fv2%2Fcategories&post=41366"},{"taxonomy":"post_tag","embeddable":true,"href":"https:\/\/zonaroja.com.mx\/index.php?rest_route=%2Fwp%2Fv2%2Ftags&post=41366"}],"curies":[{"name":"wp","href":"https:\/\/api.w.org\/{rel}","templated":true}]}}