{"id":41369,"date":"2022-05-19T07:52:22","date_gmt":"2022-05-19T12:52:22","guid":{"rendered":"http:\/\/www.zonaroja.com.mx\/?p=41369"},"modified":"2022-05-19T07:52:23","modified_gmt":"2022-05-19T12:52:23","slug":"asesinan-a-mototaxista-en-juchitan-otro-asesinado-en-ocotlan","status":"publish","type":"post","link":"https:\/\/zonaroja.com.mx\/?p=41369","title":{"rendered":"Asesinan a mototaxista en Juchit\u00e1n; otro asesinado en Ocotl\u00e1n"},"content":{"rendered":"\n<p>Redacci\u00f3n\/Zona Roja.<\/p>\n\n\n\n<p>Oaxaca de Ju\u00e1rez, Oax., 19 de mayo de 2022.- Una persona del sexo masculino fue asesinada anoche en Juchit\u00e1n de Zaragoza, municipio de la regi\u00f3n Istmo de Oaxaca.<\/p>\n\n\n\n<p>El crimen se perpetr\u00f3 en el circuito vial, en que sujetos armados dieron muerte a balazos a un mototaxistas de la organizaci\u00f3n \u201cMa\u00edz\u201d, quien no ha sido identificado.<\/p>\n\n\n\n<p>A su vez, en el municipio de Salina Cruz fue hallado el cuerpo sin vida de una persona del sexo masculino en el interior de un autotanque de carro y presuntamente se trata de un trabajador de soldadura.<\/p>\n\n\n\n<p>La v\u00edctima fue identificada como \u00c1ngel O. R., de 34 a\u00f1os de edad y vecino de la colonia Hugo Mayoral, y a\u00fan se desconoce las razones por las cuales perdi\u00f3 la vida en el interior de la unidad, ubicada en un predio de pensi\u00f3n de pipas, en la colonia Granadillo.<\/p>\n\n\n\n<p>Mientras tanto, el pasado martes en la calle Morelos de Ocotl\u00e1n de Morelos, en la regi\u00f3n Valles Centrales, un individuo fue ultimado con arma blanca, presuntamente tras una ri\u00f1a; la v\u00edctima tampoco ha sido identificada.<\/p>\n","protected":false},"excerpt":{"rendered":"<p>Redacci\u00f3n\/Zona Roja. Oaxaca de Ju\u00e1rez, Oax., 19 de mayo de 2022.- Una persona del sexo&hellip;<\/p>\n","protected":false},"author":2,"featured_media":7500,"comment_status":"closed","ping_status":"open","sticky":false,"template":"","format":"standard","meta":{"_lmt_disableupdate":"","_lmt_disable":"","_jetpack_memberships_contains_paid_content":false,"footnotes":""},"categories":[109,51],"tags":[123],"class_list":["post-41369","post","type-post","status-publish","format-standard","has-post-thumbnail","hentry","category-minuto-a-minuto","category-zona-roja","tag-juchitan-de-zaragoza"],"jetpack_featured_media_url":"https:\/\/zonaroja.com.mx\/wp-content\/uploads\/2020\/01\/Escena-del-crimen5.jpg","jetpack_sharing_enabled":true,"_links":{"self":[{"href":"https:\/\/zonaroja.com.mx\/index.php?rest_route=\/wp\/v2\/posts\/41369","targetHints":{"allow":["GET"]}}],"collection":[{"href":"https:\/\/zonaroja.com.mx\/index.php?rest_route=\/wp\/v2\/posts"}],"about":[{"href":"https:\/\/zonaroja.com.mx\/index.php?rest_route=\/wp\/v2\/types\/post"}],"author":[{"embeddable":true,"href":"https:\/\/zonaroja.com.mx\/index.php?rest_route=\/wp\/v2\/users\/2"}],"replies":[{"embeddable":true,"href":"https:\/\/zonaroja.com.mx\/index.php?rest_route=%2Fwp%2Fv2%2Fcomments&post=41369"}],"version-history":[{"count":1,"href":"https:\/\/zonaroja.com.mx\/index.php?rest_route=\/wp\/v2\/posts\/41369\/revisions"}],"predecessor-version":[{"id":41370,"href":"https:\/\/zonaroja.com.mx\/index.php?rest_route=\/wp\/v2\/posts\/41369\/revisions\/41370"}],"wp:featuredmedia":[{"embeddable":true,"href":"https:\/\/zonaroja.com.mx\/index.php?rest_route=\/wp\/v2\/media\/7500"}],"wp:attachment":[{"href":"https:\/\/zonaroja.com.mx\/index.php?rest_route=%2Fwp%2Fv2%2Fmedia&parent=41369"}],"wp:term":[{"taxonomy":"category","embeddable":true,"href":"https:\/\/zonaroja.com.mx\/index.php?rest_route=%2Fwp%2Fv2%2Fcategories&post=41369"},{"taxonomy":"post_tag","embeddable":true,"href":"https:\/\/zonaroja.com.mx\/index.php?rest_route=%2Fwp%2Fv2%2Ftags&post=41369"}],"curies":[{"name":"wp","href":"https:\/\/api.w.org\/{rel}","templated":true}]}}