{"id":41372,"date":"2022-05-19T13:21:43","date_gmt":"2022-05-19T18:21:43","guid":{"rendered":"https:\/\/www.zonaroja.com.mx\/?p=41372"},"modified":"2022-05-19T13:23:32","modified_gmt":"2022-05-19T18:23:32","slug":"tambien-pueblos-de-la-sierra-mazateca-tendran-apoyos-al-triple-aaa","status":"publish","type":"post","link":"https:\/\/zonaroja.com.mx\/?p=41372","title":{"rendered":"Tambi\u00e9n pueblos de la Sierra Mazateca tendr\u00e1n apoyos al triple: AAA"},"content":{"rendered":"\n<p>Redacci\u00f3n\/Zona Roja.&nbsp;<\/p>\n\n\n\n<p>Oaxaca de Ju\u00e1rez, Oax. 19 de mayo de 2022. Desde San Juan Bautista Cuicatl\u00e1n, el candidato del PRI-PRD a la gubernatura de Oaxaca, Alejandro Avil\u00e9s \u00c1lvarez, garantiz\u00f3 que las y los j\u00f3venes universitarios que est\u00e9n en sus \u00faltimos semestres o reci\u00e9n egresados, tendr\u00e1n su primer trabajo asegurado.<\/p>\n\n\n\n<p>Ello con la puesta en marcha del programa \u201cTu Primer Empleo\u201d, con el objetivo de incorporarlos al mercado laboral y con ello impulsar la productividad de la entidad con nuevos talentos y capacidades de las nuevas generaciones.&nbsp;<\/p>\n\n\n\n<p>\u201cPondremos en marcha acciones para las juventudes, y trabajaremos de la mano con las universidades, el sector privado y gobierno para que se inserten r\u00e1pidamente en el mercado laboral las y los j\u00f3venes, porque ellos necesitan una oportunidad para desarrollar lo que aprendieron como estudiantes\u201d, subray\u00f3.<\/p>\n\n\n\n<p>En Huautla de Jim\u00e9nez, el \u201cTriple A\u201d afirm\u00f3 que en su gobierno se triplicar\u00e1n el n\u00famero de empleos para las y los oaxaque\u00f1os, de la mano de los empresarios y con una fuerte campa\u00f1a de promoci\u00f3n de los destinos tur\u00edsticos de Oaxaca, tanto a nivel nacional como internacional, para que lleguen nuevas empresas que oferten nuevas vacantes.<\/p>\n\n\n\n<p>Entre sus principales propuestas, el abanderado priista dijo que como gobernador pondr\u00e1 en marcha el programa denominado \u00abM\u00e9dico en tu Casa\u00bb, que dar\u00e1 cobertura y asistencia m\u00e9dica gratuita a todas las comunidades marginadas, que no cuentan con cl\u00ednicas y hospitales cercanos que carecen de servicios de calidad.&nbsp;<\/p>\n\n\n\n<p>\u201cEste programa consistir\u00e1 en desplegar brigadas de doctoras y doctores, as\u00ed como de enfermeras para que atiendan hasta los hogares de los m\u00e1s desprotegidos, las necesidades de salud de manera gratuita; de esta manera todas las y los oaxaque\u00f1os tendr\u00e1n derecho a este beneficio\u201d, ponder\u00f3.&nbsp;<\/p>\n\n\n\n<p>Alejandro Avil\u00e9s, recalc\u00f3 que este modelo de salud se implementar\u00e1 principalmente en las localidades donde la lejan\u00eda de cl\u00ednicas y hospitales, representan afectaciones econ\u00f3micas y de traslado, para la atenci\u00f3n de las familias que menos tienen.<\/p>\n\n\n\n<p>\u201cPondr\u00e9 todo mi empe\u00f1o, trabajo y coraz\u00f3n para que tengas dinero en tu bolsillo y te alcance al triple\u201d, a\u00f1adi\u00f3.<\/p>\n","protected":false},"excerpt":{"rendered":"<p>Redacci\u00f3n\/Zona Roja.&nbsp; Oaxaca de Ju\u00e1rez, Oax. 19 de mayo de 2022. Desde San Juan Bautista&hellip;<\/p>\n","protected":false},"author":2,"featured_media":41371,"comment_status":"closed","ping_status":"open","sticky":false,"template":"","format":"standard","meta":{"_lmt_disableupdate":"","_lmt_disable":"","_jetpack_memberships_contains_paid_content":false,"footnotes":""},"categories":[109,46],"tags":[],"class_list":["post-41372","post","type-post","status-publish","format-standard","has-post-thumbnail","hentry","category-minuto-a-minuto","category-zona-blanca"],"jetpack_featured_media_url":"https:\/\/zonaroja.com.mx\/wp-content\/uploads\/2022\/05\/49914368-5bd2-4c90-89db-a74970fec7df.jpg","jetpack_sharing_enabled":true,"_links":{"self":[{"href":"https:\/\/zonaroja.com.mx\/index.php?rest_route=\/wp\/v2\/posts\/41372","targetHints":{"allow":["GET"]}}],"collection":[{"href":"https:\/\/zonaroja.com.mx\/index.php?rest_route=\/wp\/v2\/posts"}],"about":[{"href":"https:\/\/zonaroja.com.mx\/index.php?rest_route=\/wp\/v2\/types\/post"}],"author":[{"embeddable":true,"href":"https:\/\/zonaroja.com.mx\/index.php?rest_route=\/wp\/v2\/users\/2"}],"replies":[{"embeddable":true,"href":"https:\/\/zonaroja.com.mx\/index.php?rest_route=%2Fwp%2Fv2%2Fcomments&post=41372"}],"version-history":[{"count":1,"href":"https:\/\/zonaroja.com.mx\/index.php?rest_route=\/wp\/v2\/posts\/41372\/revisions"}],"predecessor-version":[{"id":41373,"href":"https:\/\/zonaroja.com.mx\/index.php?rest_route=\/wp\/v2\/posts\/41372\/revisions\/41373"}],"wp:featuredmedia":[{"embeddable":true,"href":"https:\/\/zonaroja.com.mx\/index.php?rest_route=\/wp\/v2\/media\/41371"}],"wp:attachment":[{"href":"https:\/\/zonaroja.com.mx\/index.php?rest_route=%2Fwp%2Fv2%2Fmedia&parent=41372"}],"wp:term":[{"taxonomy":"category","embeddable":true,"href":"https:\/\/zonaroja.com.mx\/index.php?rest_route=%2Fwp%2Fv2%2Fcategories&post=41372"},{"taxonomy":"post_tag","embeddable":true,"href":"https:\/\/zonaroja.com.mx\/index.php?rest_route=%2Fwp%2Fv2%2Ftags&post=41372"}],"curies":[{"name":"wp","href":"https:\/\/api.w.org\/{rel}","templated":true}]}}