{"id":41375,"date":"2022-05-19T15:00:44","date_gmt":"2022-05-19T20:00:44","guid":{"rendered":"http:\/\/www.zonaroja.com.mx\/?p=41375"},"modified":"2022-05-19T15:00:45","modified_gmt":"2022-05-19T20:00:45","slug":"investigan-ataque-armado-a-un-comunero-con-camioneta-blindada","status":"publish","type":"post","link":"https:\/\/zonaroja.com.mx\/?p=41375","title":{"rendered":"Investigan ataque armado a un comunero con camioneta blindada"},"content":{"rendered":"\n<p>Redacci\u00f3n\/Zona Roja.<\/p>\n\n\n\n<p>&nbsp;Oaxaca de Ju\u00e1rez, Oax., 19 de mayo de 2022.- Una camioneta blindada propiedad de un comunero de Santa Maria Tonameca, Oaxaca, fue atacado a balazos la tarde de ayer, en jurisdicci\u00f3n del destino tur\u00edstico de Puerto Escondido.<\/p>\n\n\n\n<p>Los hechos ocurrieron aproximadamente a las 18:15 horas, en que sujetos armados abrieron fuego contra los ocupantes de la unidad de motor, tipo Suburban, cuando transitaba por la colonia L\u00e1zaro C\u00e1rdenas.<\/p>\n\n\n\n<p>El propietario de la camioneta, identificado como Sa\u00fal Mart\u00ednez Figueroa, result\u00f3 ileso; la v\u00edctima del atentado contendi\u00f3 para la presidencia municipal de Tonameca y perdi\u00f3 y actualmente se desempe\u00f1a como delegado municipal de la colonia L\u00e1zaro C\u00e1rdenas de Puerto Escondido.<\/p>\n\n\n\n<p>Tras ello, la Fiscal\u00eda General del Estado de Oaxaca (FGEO), a trav\u00e9s de la Vicefiscal\u00eda Regional de la Costa, inici\u00f3 carpeta de investigaci\u00f3n 17428\/FCOS\/PUERTO\/2022, por el delito de homicidio calificado en grado de tentativa.&nbsp;&nbsp;<\/p>\n\n\n\n<p>\u201cGracias al blindaje de la unidad, las personas agredidas resultaron ilesas y se encuentran en buen estado de salud\u201d, indic\u00f3 la instituci\u00f3n en un comunicado de prensa.<\/p>\n\n\n\n<p>Detall\u00f3 que ante este hecho, la FGEO intervino y despleg\u00f3 de forma inmediata a elementos de la Agencia Estatal de Investigaciones (AEI) y peritos del Instituto de Servicios Periciales, a fin de realizar las indagatorias y recolecci\u00f3n de indicios que permitan esclarecer este hecho.<\/p>\n","protected":false},"excerpt":{"rendered":"<p>Redacci\u00f3n\/Zona Roja. &nbsp;Oaxaca de Ju\u00e1rez, Oax., 19 de mayo de 2022.- Una camioneta blindada propiedad&hellip;<\/p>\n","protected":false},"author":2,"featured_media":41376,"comment_status":"closed","ping_status":"open","sticky":false,"template":"","format":"standard","meta":{"_lmt_disableupdate":"","_lmt_disable":"","_jetpack_memberships_contains_paid_content":false,"footnotes":""},"categories":[109,47],"tags":[590],"class_list":["post-41375","post","type-post","status-publish","format-standard","has-post-thumbnail","hentry","category-minuto-a-minuto","category-zona-gris","tag-puerto-escondido"],"jetpack_featured_media_url":"https:\/\/zonaroja.com.mx\/wp-content\/uploads\/2022\/05\/Ataque-armado-camioneta-blindada-Costa.jpg","jetpack_sharing_enabled":true,"_links":{"self":[{"href":"https:\/\/zonaroja.com.mx\/index.php?rest_route=\/wp\/v2\/posts\/41375","targetHints":{"allow":["GET"]}}],"collection":[{"href":"https:\/\/zonaroja.com.mx\/index.php?rest_route=\/wp\/v2\/posts"}],"about":[{"href":"https:\/\/zonaroja.com.mx\/index.php?rest_route=\/wp\/v2\/types\/post"}],"author":[{"embeddable":true,"href":"https:\/\/zonaroja.com.mx\/index.php?rest_route=\/wp\/v2\/users\/2"}],"replies":[{"embeddable":true,"href":"https:\/\/zonaroja.com.mx\/index.php?rest_route=%2Fwp%2Fv2%2Fcomments&post=41375"}],"version-history":[{"count":1,"href":"https:\/\/zonaroja.com.mx\/index.php?rest_route=\/wp\/v2\/posts\/41375\/revisions"}],"predecessor-version":[{"id":41377,"href":"https:\/\/zonaroja.com.mx\/index.php?rest_route=\/wp\/v2\/posts\/41375\/revisions\/41377"}],"wp:featuredmedia":[{"embeddable":true,"href":"https:\/\/zonaroja.com.mx\/index.php?rest_route=\/wp\/v2\/media\/41376"}],"wp:attachment":[{"href":"https:\/\/zonaroja.com.mx\/index.php?rest_route=%2Fwp%2Fv2%2Fmedia&parent=41375"}],"wp:term":[{"taxonomy":"category","embeddable":true,"href":"https:\/\/zonaroja.com.mx\/index.php?rest_route=%2Fwp%2Fv2%2Fcategories&post=41375"},{"taxonomy":"post_tag","embeddable":true,"href":"https:\/\/zonaroja.com.mx\/index.php?rest_route=%2Fwp%2Fv2%2Ftags&post=41375"}],"curies":[{"name":"wp","href":"https:\/\/api.w.org\/{rel}","templated":true}]}}