{"id":41380,"date":"2022-05-19T16:13:19","date_gmt":"2022-05-19T21:13:19","guid":{"rendered":"http:\/\/www.zonaroja.com.mx\/?p=41380"},"modified":"2022-05-19T19:12:09","modified_gmt":"2022-05-20T00:12:09","slug":"ni-ha-recibido-invitacion-ni-va-a-declinar-por-morena-dice-candidato-independiente","status":"publish","type":"post","link":"https:\/\/zonaroja.com.mx\/?p=41380","title":{"rendered":"Ni ha recibido invitaci\u00f3n ni va a declinar por Morena, dice candidato independiente"},"content":{"rendered":"\n<p>Yuridiana Sosa\/Zona Roja.<\/p>\n\n\n\n<p>Oaxaca de Ju\u00e1rez, Oax., 19 de mayo de 2022.- Pese a compartir la ideolog\u00eda de la 4T, el candidato independiente ind\u00edgena para la gubernatura de Oaxaca, Mauricio Cruz Vargas, asever\u00f3 que no declinar\u00e1 por Morena, ni a favor de cualquier otro aspirante a gobernar.<\/p>\n\n\n\n<p>A poco m\u00e1s de dos semanas del proceso electoral del 5 de junio, el candidato defendi\u00f3 su proyecto independiente, el cual dijo es una postulaci\u00f3n que le encomendaron los pueblos originarios, a los que no defraudar\u00e1 con la declinaci\u00f3n para beneficiar a un pol\u00edtico.<\/p>\n\n\n\n<p>En conferencia de prensa, Cruz Vargas sentenci\u00f3: \u201cNo vamos a declinar, este no es un proyecto de un partido pol\u00edtico, es un proyecto de los pueblos\u2026en ning\u00fan momento vamos a traicionar a nuestros pueblos, a nuestra gente\u201d.<\/p>\n\n\n\n<figure class=\"wp-block-embed is-type-rich is-provider-twitter wp-block-embed-twitter\"><div class=\"wp-block-embed__wrapper\">\n<div class=\"twitter-tweet\"><blockquote class=\"twitter-tweet\" data-lang=\"es\"><p lang=\"es\" dir=\"ltr\"><a href=\"https:\/\/twitter.com\/hashtag\/ENVIVO?src=hash&amp;ref_src=twsrc%5Etfw\">#ENVIVO<\/a><br>Oaxaca de Ju\u00e1rez, Oax., 19 de mayo de 2022.- Conferencia de prensa del candidato independientemente a la gubernatura del estado, Mauricio Cruz Vargas.<br>Aqu\u00ed la transmisi\u00f3n:<br>\ud83d\udc47<a href=\"https:\/\/t.co\/6HGUdpNax9\">https:\/\/t.co\/6HGUdpNax9<\/a> <a href=\"https:\/\/t.co\/pSQPw7npgu\">pic.twitter.com\/pSQPw7npgu<\/a><\/p>&mdash; Zona Roja Oaxaca (@ZonaRoja_Oaxaca) <a href=\"https:\/\/twitter.com\/ZonaRoja_Oaxaca\/status\/1527328412708515848?ref_src=twsrc%5Etfw\">19 de mayo de 2022<\/a><\/blockquote><\/div>\n<\/div><\/figure>\n\n\n\n<p>Dej\u00f3 en claro que comparte las ideolog\u00edas de la transformaci\u00f3n desde la perspectiva que mantiene el presidente de M\u00e9xico, Andr\u00e9s Manuel L\u00f3pez Obrador, pero no coincide la forma de hacer pol\u00edtica desde el partido Morena.<\/p>\n\n\n\n<p>No obstante, en caso que al paso de la jornada electoral y no resultar beneficiado y contar con la invitaci\u00f3n del candidato ganador para ser parte del equipo de gobierno, dijo que someter\u00e1 a consulta de los pueblos su decisi\u00f3n, aunque por ahora no ha recibido ninguna invitaci\u00f3n.<\/p>\n\n\n\n<p>\u201cNos siguen invisibilizando, pero les vamos a demostrar la fuerza de los pueblos\u201d, expres\u00f3 el contendiente independiente originario de Abejones, quien agreg\u00f3 que nunca ha formado parte de un partido pol\u00edtico ni ha vivido del erario p\u00fablico.&nbsp;<\/p>\n","protected":false},"excerpt":{"rendered":"<p>Yuridiana Sosa\/Zona Roja. Oaxaca de Ju\u00e1rez, Oax., 19 de mayo de 2022.- Pese a compartir&hellip;<\/p>\n","protected":false},"author":2,"featured_media":41381,"comment_status":"closed","ping_status":"open","sticky":false,"template":"","format":"standard","meta":{"_lmt_disableupdate":"","_lmt_disable":"","_jetpack_memberships_contains_paid_content":false,"footnotes":""},"categories":[109,46],"tags":[3033],"class_list":["post-41380","post","type-post","status-publish","format-standard","has-post-thumbnail","hentry","category-minuto-a-minuto","category-zona-blanca","tag-mauricio-cruz-vargas"],"jetpack_featured_media_url":"https:\/\/zonaroja.com.mx\/wp-content\/uploads\/2022\/05\/Candidato-independiente-Maurucio-Cruz-Vargas.jpg","jetpack_sharing_enabled":true,"_links":{"self":[{"href":"https:\/\/zonaroja.com.mx\/index.php?rest_route=\/wp\/v2\/posts\/41380","targetHints":{"allow":["GET"]}}],"collection":[{"href":"https:\/\/zonaroja.com.mx\/index.php?rest_route=\/wp\/v2\/posts"}],"about":[{"href":"https:\/\/zonaroja.com.mx\/index.php?rest_route=\/wp\/v2\/types\/post"}],"author":[{"embeddable":true,"href":"https:\/\/zonaroja.com.mx\/index.php?rest_route=\/wp\/v2\/users\/2"}],"replies":[{"embeddable":true,"href":"https:\/\/zonaroja.com.mx\/index.php?rest_route=%2Fwp%2Fv2%2Fcomments&post=41380"}],"version-history":[{"count":1,"href":"https:\/\/zonaroja.com.mx\/index.php?rest_route=\/wp\/v2\/posts\/41380\/revisions"}],"predecessor-version":[{"id":41382,"href":"https:\/\/zonaroja.com.mx\/index.php?rest_route=\/wp\/v2\/posts\/41380\/revisions\/41382"}],"wp:featuredmedia":[{"embeddable":true,"href":"https:\/\/zonaroja.com.mx\/index.php?rest_route=\/wp\/v2\/media\/41381"}],"wp:attachment":[{"href":"https:\/\/zonaroja.com.mx\/index.php?rest_route=%2Fwp%2Fv2%2Fmedia&parent=41380"}],"wp:term":[{"taxonomy":"category","embeddable":true,"href":"https:\/\/zonaroja.com.mx\/index.php?rest_route=%2Fwp%2Fv2%2Fcategories&post=41380"},{"taxonomy":"post_tag","embeddable":true,"href":"https:\/\/zonaroja.com.mx\/index.php?rest_route=%2Fwp%2Fv2%2Ftags&post=41380"}],"curies":[{"name":"wp","href":"https:\/\/api.w.org\/{rel}","templated":true}]}}