{"id":41384,"date":"2022-05-19T19:15:32","date_gmt":"2022-05-20T00:15:32","guid":{"rendered":"http:\/\/www.zonaroja.com.mx\/?p=41384"},"modified":"2022-05-19T19:15:34","modified_gmt":"2022-05-20T00:15:34","slug":"desenfrenados-feminicidios-en-oaxaca-van-52-mas-que-en-2021","status":"publish","type":"post","link":"https:\/\/zonaroja.com.mx\/?p=41384","title":{"rendered":"Desenfrenados feminicidios en Oaxaca; van 52% m\u00e1s que en 2021"},"content":{"rendered":"\n<p>Yuridiana Sosa\/Zona Roja.<\/p>\n\n\n\n<p>Oaxaca de Ju\u00e1rez, Oax., 19 de mayo de 2022.- Paula, de 25 a\u00f1os de edad, encontr\u00f3 la muerte en su propia casa, en la Villa de Etla, donde su hija tambi\u00e9n es v\u00edctima de la violencia.<\/p>\n\n\n\n<p>En lo que va de este a\u00f1o 50 mujeres, han sido asesinadas en Oaxaca, 22 de ellas, como en el caso de Paula, localizadas sin vida dentro de una vivienda, sitio que para muchas son su hogar, mientras para otras, su calvario.<\/p>\n\n\n\n<p>Tan solo este inicio de semana, entre el domingo y el martes, se registraron tres feminicidios en Oaxaca, con lo que suman siete casos este mes, dos m\u00e1s que los ocurrido en mayo del 2021; pero respecto al periodo de enero a mayo del a\u00f1o 2021 (33 hechos), los registrados este 2022 representan un aumento del 52 por ciento.<\/p>\n\n\n\n<p>Los hechos m\u00e1s recientes ocurrieron contra una joven madre de 25 a\u00f1os alrededor de la medianoche del 15 de mayo, en la Villa de Etla, municipio de la regi\u00f3n Valles Centrales de Oaxaca. La v\u00edctima fue golpeada a muerte por su pareja con un fierro, adem\u00e1s, se report\u00f3 que el hombre golpe\u00f3 a su hija de cinco a\u00f1os.<\/p>\n\n\n\n<p>Mientras que el martes siguiente, otra madre y su hija fueron asesinadas con un machete en el interior de su vivienda, en Santa Catarina Loxicha, en la regi\u00f3n Costa.<\/p>\n\n\n\n<p>Con estos casos, se suman en Oaxaca 632 feminicidios del 1 de diciembre de 2016 al 18 de mayo, de acuerdo al recuento hemerogr\u00e1fico de la asociaci\u00f3n Ges Mujer.<\/p>\n\n\n\n<p>INCREMENTO<\/p>\n\n\n\n<p>Durante este 2022 se han registrado un promedio de 11 feminicidios por mes, mientras que, en 2021, que cerr\u00f3 con 87 casos, ocurrieron 7.2 casos.<\/p>\n\n\n\n<p>El alza de los asesinatos de mujeres en Oaxaca es visiblemente alarmante seg\u00fan las cifras de la organizaci\u00f3n, que, en comparaci\u00f3n con febrero de 2021, este a\u00f1o hubo 18 feminicidios en el segundo mes del a\u00f1o; abril pas\u00f3 de dos a 10 casos y mayo, de cinco a siete casos, considerando que a\u00fan no finaliza.<\/p>\n\n\n\n<p>De los feminicidios este 2022 18 han ocurrido en la regi\u00f3n del Istmo; 12 en municipios de la Costa y 10 en Valles Centrales; en 36 de los casos las mujeres han sido asesinadas con disparos de armas de fuego, tres a golpes, dos por apu\u00f1alamiento, uno por ataque sexual y en seis no se especifica.<\/p>\n\n\n\n<p>En 13 casos las v\u00edctimas eran mujeres de 30 a 44 a\u00f1os; en cinco, de 19 a 29 a\u00f1os y en 23 no se especifica, en tanto que en cinco hechos se identific\u00f3 que fueron sus parejas los agresores.<\/p>\n","protected":false},"excerpt":{"rendered":"<p>Yuridiana Sosa\/Zona Roja. Oaxaca de Ju\u00e1rez, Oax., 19 de mayo de 2022.- Paula, de 25&hellip;<\/p>\n","protected":false},"author":2,"featured_media":14015,"comment_status":"closed","ping_status":"open","sticky":false,"template":"","format":"standard","meta":{"_lmt_disableupdate":"","_lmt_disable":"","_jetpack_memberships_contains_paid_content":false,"footnotes":""},"categories":[456,109],"tags":[610],"class_list":["post-41384","post","type-post","status-publish","format-standard","has-post-thumbnail","hentry","category-columna","category-minuto-a-minuto","tag-feminicidios-oaxaca"],"jetpack_featured_media_url":"https:\/\/zonaroja.com.mx\/wp-content\/uploads\/2020\/06\/Violencia-feminicidios.jpg","jetpack_sharing_enabled":true,"_links":{"self":[{"href":"https:\/\/zonaroja.com.mx\/index.php?rest_route=\/wp\/v2\/posts\/41384","targetHints":{"allow":["GET"]}}],"collection":[{"href":"https:\/\/zonaroja.com.mx\/index.php?rest_route=\/wp\/v2\/posts"}],"about":[{"href":"https:\/\/zonaroja.com.mx\/index.php?rest_route=\/wp\/v2\/types\/post"}],"author":[{"embeddable":true,"href":"https:\/\/zonaroja.com.mx\/index.php?rest_route=\/wp\/v2\/users\/2"}],"replies":[{"embeddable":true,"href":"https:\/\/zonaroja.com.mx\/index.php?rest_route=%2Fwp%2Fv2%2Fcomments&post=41384"}],"version-history":[{"count":1,"href":"https:\/\/zonaroja.com.mx\/index.php?rest_route=\/wp\/v2\/posts\/41384\/revisions"}],"predecessor-version":[{"id":41385,"href":"https:\/\/zonaroja.com.mx\/index.php?rest_route=\/wp\/v2\/posts\/41384\/revisions\/41385"}],"wp:featuredmedia":[{"embeddable":true,"href":"https:\/\/zonaroja.com.mx\/index.php?rest_route=\/wp\/v2\/media\/14015"}],"wp:attachment":[{"href":"https:\/\/zonaroja.com.mx\/index.php?rest_route=%2Fwp%2Fv2%2Fmedia&parent=41384"}],"wp:term":[{"taxonomy":"category","embeddable":true,"href":"https:\/\/zonaroja.com.mx\/index.php?rest_route=%2Fwp%2Fv2%2Fcategories&post=41384"},{"taxonomy":"post_tag","embeddable":true,"href":"https:\/\/zonaroja.com.mx\/index.php?rest_route=%2Fwp%2Fv2%2Ftags&post=41384"}],"curies":[{"name":"wp","href":"https:\/\/api.w.org\/{rel}","templated":true}]}}