{"id":41389,"date":"2022-05-19T21:35:30","date_gmt":"2022-05-20T02:35:30","guid":{"rendered":"http:\/\/www.zonaroja.com.mx\/?p=41389"},"modified":"2022-05-19T21:35:32","modified_gmt":"2022-05-20T02:35:32","slug":"gobernadores-del-sur-sureste-de-mexico-se-reunen-con-embajador-de-eu","status":"publish","type":"post","link":"https:\/\/zonaroja.com.mx\/?p=41389","title":{"rendered":"Gobernadores del sur-sureste de M\u00e9xico se re\u00fanen con embajador de EU"},"content":{"rendered":"\n<p>Redacci\u00f3n\/Zona Roja.<\/p>\n\n\n\n<p>Oaxaca de Ju\u00e1rez, Oax., 19 de mayo de 2022.- El gobernador Alejandro Murat Hinojosa particip\u00f3 en el Quinto Encuentro de Gobernadores del Sur-Sureste, que cont\u00f3 con la presencia del embajador de los Estados Unidos en M\u00e9xico, Ken Salazar, ante quien se\u00f1al\u00f3 la necesidad de ordenar los apoyos entre pa\u00edses y propuso que sea en la forma de fondos compensatorios para poder establecer una base m\u00ednima de desarrollo en el bloque Cand\u00e1, Estados Unidos y M\u00e9xico, siguiendo el ejemplo de la Uni\u00f3n Europea.&nbsp;<\/p>\n\n\n\n<p>\u201cEl caso del Corredor Interoce\u00e1nico podr\u00eda ser una nueva experiencia para consolidar el T-MEC y ya tener una propuesta s\u00f3lida. Yo he planteado que el Corredor Interoce\u00e1nico puede ser ese gran primer proyecto del bloque Canad\u00e1, Estados Unidos y M\u00e9xico. S\u00e9 que el gobierno americano est\u00e1 canalizando recursos para ese proyecto. Podr\u00eda ser un primer experimento para generar estos fondos y consolidar el desarrollo tanto social como de derechos humanos y por supuesto econ\u00f3mico para toda la regi\u00f3n\u201d, se\u00f1al\u00f3 Murat Hinojosa.&nbsp;<\/p>\n\n\n\n<p>Cabe destacar que este encuentro fue impulsado por el embajador de los Estados Unidos en M\u00e9xico, Ken Salazar y The Nature Conservancy M\u00e9xico (TNC), organizaci\u00f3n que ha sido invitada a sumarse a esta labor bas\u00e1ndose en su experiencia y presencia en el pa\u00eds por m\u00e1s de 35 a\u00f1os, con la finalidad de construir un mecanismo financiero para alinear recursos y crear sinergias.<\/p>\n\n\n\n<p>Es as\u00ed que en este mismo marco se anunci\u00f3 la inversi\u00f3n de 30 millones de d\u00f3lares a trav\u00e9s de la USAID y los programas de asistencia de Estados Unidos, para promover el desarrollo e inversi\u00f3n sostenible en la regi\u00f3n sureste de M\u00e9xico.<\/p>\n\n\n\n<figure class=\"wp-block-image size-large\"><a href=\"http:\/\/www.zonaroja.com.mx\/wp-content\/uploads\/2022\/05\/Alejandro-Murat-y-embajador-Ken-Salazar.jpeg\" data-rel=\"penci-gallery-image-content\" ><img decoding=\"async\" width=\"1024\" height=\"682\" src=\"http:\/\/www.zonaroja.com.mx\/wp-content\/uploads\/2022\/05\/Alejandro-Murat-y-embajador-Ken-Salazar-1024x682.jpeg\" alt=\"\" class=\"wp-image-41391\" srcset=\"https:\/\/zonaroja.com.mx\/wp-content\/uploads\/2022\/05\/Alejandro-Murat-y-embajador-Ken-Salazar-1024x682.jpeg 1024w, https:\/\/zonaroja.com.mx\/wp-content\/uploads\/2022\/05\/Alejandro-Murat-y-embajador-Ken-Salazar-300x200.jpeg 300w, https:\/\/zonaroja.com.mx\/wp-content\/uploads\/2022\/05\/Alejandro-Murat-y-embajador-Ken-Salazar-768x512.jpeg 768w, https:\/\/zonaroja.com.mx\/wp-content\/uploads\/2022\/05\/Alejandro-Murat-y-embajador-Ken-Salazar-1170x780.jpeg 1170w, https:\/\/zonaroja.com.mx\/wp-content\/uploads\/2022\/05\/Alejandro-Murat-y-embajador-Ken-Salazar-585x390.jpeg 585w, https:\/\/zonaroja.com.mx\/wp-content\/uploads\/2022\/05\/Alejandro-Murat-y-embajador-Ken-Salazar-263x175.jpeg 263w, https:\/\/zonaroja.com.mx\/wp-content\/uploads\/2022\/05\/Alejandro-Murat-y-embajador-Ken-Salazar.jpeg 1280w\" sizes=\"(max-width: 1024px) 100vw, 1024px\" \/><\/a><\/figure>\n\n\n\n<p>El encuentro cont\u00f3 con la participaci\u00f3n de la y los mandatarios de los estados de Campeche, Chiapas, Quintana Roo, Tabasco, Veracruz y Yucat\u00e1n, y a la que tambi\u00e9n asistieron representantes de empresas y potenciales socios interesados en sumarse a la visi\u00f3n regional y apoyar proyectos de conservaci\u00f3n y desarrollo sustentable, para fomentar inversiones sustentables en la regi\u00f3n.&nbsp;<\/p>\n\n\n\n<p>Cabe destacar que en este encuentro los estados participantes, a trav\u00e9s de sus secretar\u00edas de Medio Ambiente, Cambio Clim\u00e1tico, Biodiversidad y Desarrollo Sustentable, presentaron la Carta de Intenci\u00f3n, una iniciativa encaminada a avanzar en una agenda regional de conservaci\u00f3n y desarrollo sustentable basada en el bienestar de las y los habitantes.<\/p>\n\n\n\n<p>Los puntos fundamentales de esta iniciativa son: la priorizaci\u00f3n de los bosques, selvas y \u00e1reas naturales protegidas a trav\u00e9s de mecanismos financieros de largo plazo; la conservaci\u00f3n de especies y ecosistemas prioritarios a trav\u00e9s del fomento de corredores biol\u00f3gicos regionales; la restauraci\u00f3n de \u00e1reas degradadas con importancia para el combate del cambio clim\u00e1tico.<\/p>\n\n\n\n<p>As\u00ed como fortalecer la econom\u00eda de las comunidades rurales que cuidan de la naturaleza, por medio del comercio justo e inclusivo; proteger los ecosistemas a trav\u00e9s de soluciones basadas en la naturaleza de la mano de las comunidades locales y por \u00faltimo, integrar una visi\u00f3n de paisaje como eje de implementaci\u00f3n de las acciones.<\/p>\n\n\n\n<figure class=\"wp-block-embed is-type-rich is-provider-twitter wp-block-embed-twitter\"><div class=\"wp-block-embed__wrapper\">\n<div class=\"twitter-tweet\"><blockquote class=\"twitter-tweet\" data-lang=\"es\"><p lang=\"es\" dir=\"ltr\">Organizada por el embajador de Estados Unidos en M\u00e9xico, <a href=\"https:\/\/twitter.com\/USAmbMex?ref_src=twsrc%5Etfw\">@USAmbMex<\/a>, siete mandatarios del pa\u00eds, entre ellos <a href=\"https:\/\/twitter.com\/alejandromurat?ref_src=twsrc%5Etfw\">@alejandromurat<\/a>, participaron en la capital del pa\u00eds en la Quinta Reuni\u00f3n de Gobernadores del Sur-Sureste, a fin de buscar m\u00e1s inversiones para esa zona. <a href=\"https:\/\/t.co\/dmfQVsklTr\">pic.twitter.com\/dmfQVsklTr<\/a><\/p>&mdash; Zona Roja Oaxaca (@ZonaRoja_Oaxaca) <a href=\"https:\/\/twitter.com\/ZonaRoja_Oaxaca\/status\/1527436742667780102?ref_src=twsrc%5Etfw\">19 de mayo de 2022<\/a><\/blockquote><\/div>\n<\/div><\/figure>\n","protected":false},"excerpt":{"rendered":"<p>Redacci\u00f3n\/Zona Roja. Oaxaca de Ju\u00e1rez, Oax., 19 de mayo de 2022.- El gobernador Alejandro Murat&hellip;<\/p>\n","protected":false},"author":2,"featured_media":41390,"comment_status":"closed","ping_status":"open","sticky":false,"template":"","format":"standard","meta":{"_lmt_disableupdate":"","_lmt_disable":"","_jetpack_memberships_contains_paid_content":false,"footnotes":""},"categories":[109,46],"tags":[173],"class_list":["post-41389","post","type-post","status-publish","format-standard","has-post-thumbnail","hentry","category-minuto-a-minuto","category-zona-blanca","tag-alejandro-murat-hinojosa"],"jetpack_featured_media_url":"https:\/\/zonaroja.com.mx\/wp-content\/uploads\/2022\/05\/Alejandro-Murat-embajada-EU-Ken-Salazar.jpeg","jetpack_sharing_enabled":true,"_links":{"self":[{"href":"https:\/\/zonaroja.com.mx\/index.php?rest_route=\/wp\/v2\/posts\/41389","targetHints":{"allow":["GET"]}}],"collection":[{"href":"https:\/\/zonaroja.com.mx\/index.php?rest_route=\/wp\/v2\/posts"}],"about":[{"href":"https:\/\/zonaroja.com.mx\/index.php?rest_route=\/wp\/v2\/types\/post"}],"author":[{"embeddable":true,"href":"https:\/\/zonaroja.com.mx\/index.php?rest_route=\/wp\/v2\/users\/2"}],"replies":[{"embeddable":true,"href":"https:\/\/zonaroja.com.mx\/index.php?rest_route=%2Fwp%2Fv2%2Fcomments&post=41389"}],"version-history":[{"count":1,"href":"https:\/\/zonaroja.com.mx\/index.php?rest_route=\/wp\/v2\/posts\/41389\/revisions"}],"predecessor-version":[{"id":41392,"href":"https:\/\/zonaroja.com.mx\/index.php?rest_route=\/wp\/v2\/posts\/41389\/revisions\/41392"}],"wp:featuredmedia":[{"embeddable":true,"href":"https:\/\/zonaroja.com.mx\/index.php?rest_route=\/wp\/v2\/media\/41390"}],"wp:attachment":[{"href":"https:\/\/zonaroja.com.mx\/index.php?rest_route=%2Fwp%2Fv2%2Fmedia&parent=41389"}],"wp:term":[{"taxonomy":"category","embeddable":true,"href":"https:\/\/zonaroja.com.mx\/index.php?rest_route=%2Fwp%2Fv2%2Fcategories&post=41389"},{"taxonomy":"post_tag","embeddable":true,"href":"https:\/\/zonaroja.com.mx\/index.php?rest_route=%2Fwp%2Fv2%2Ftags&post=41389"}],"curies":[{"name":"wp","href":"https:\/\/api.w.org\/{rel}","templated":true}]}}