{"id":41393,"date":"2022-05-19T21:54:06","date_gmt":"2022-05-20T02:54:06","guid":{"rendered":"http:\/\/www.zonaroja.com.mx\/?p=41393"},"modified":"2022-05-19T21:54:08","modified_gmt":"2022-05-20T02:54:08","slug":"firma-salomon-jara-pacto-por-la-primera-infancia-y-se-compromete-con-la-ninez","status":"publish","type":"post","link":"https:\/\/zonaroja.com.mx\/?p=41393","title":{"rendered":"Firma Salom\u00f3n Jara Pacto por la Primera Infancia y se compromete con la ni\u00f1ez"},"content":{"rendered":"\n<p>Redacci\u00f3n\/Zona Roja.<\/p>\n\n\n\n<p>Oaxaca de Ju\u00e1rez, Oax., 19 de mayo de 2022.- Para muchas personas, las ni\u00f1as y los ni\u00f1os representan el futuro, pero, cuando se trata de infancias, yo hablo en presente, porque es imposible construir un futuro mejor sin cambiar la realidad que viven en la primera infancia, asever\u00f3 Salom\u00f3n Jara Cruz, candidato a la gubernatura por la Coalici\u00f3n \u201cJuntos Hacemos Historia en Oaxaca\u201d.&nbsp;<\/p>\n\n\n\n<p>Al firmar el Pacto por la Primera Infancia, convocada por organismos no gubernamentales, se\u00f1al\u00f3 estar convencido de la importancia de dise\u00f1ar una relaci\u00f3n estrat\u00e9gica con la sociedad y la academia para construir un futuro de bienestar para Oaxaca.<\/p>\n\n\n\n<p>\u201cAsumiremos un compromiso especial con la vigencia de los derechos de ni\u00f1as, ni\u00f1os y adolescentes, comenzando desde la primera infancia, y destinaremos recursos para garantizar, entre otros, su derecho a la supervivencia, a la protecci\u00f3n y al bienestar\u201d, resalt\u00f3.&nbsp;<\/p>\n\n\n\n<p>Adem\u00e1s, dijo que se pondr\u00e1 particular inter\u00e9s en estimular el acceso a la leche materna; combatir la desnutrici\u00f3n; la anemia infantil; las enfermedades respiratorias agudas; promover la realizaci\u00f3n de evaluaciones del desarrollo infantil temprano; estimular el registro y garantizar la expedici\u00f3n oportuna y gratuita de actas de nacimiento.\u00a0<\/p>\n\n\n\n<figure class=\"wp-block-embed is-type-rich is-provider-twitter wp-block-embed-twitter\"><div class=\"wp-block-embed__wrapper\">\n<div class=\"twitter-tweet\"><blockquote class=\"twitter-tweet\" data-lang=\"es\"><p lang=\"es\" dir=\"ltr\"><a href=\"https:\/\/twitter.com\/hashtag\/EleccionesOaxaca2022?src=hash&amp;ref_src=twsrc%5Etfw\">#EleccionesOaxaca2022<\/a><br>El candidato a gobernador de Oaxaca, <a href=\"https:\/\/twitter.com\/salomonj?ref_src=twsrc%5Etfw\">@salomonj<\/a>, firm\u00f3 hoy el Pacto por la Primera Infancia<br>\u201cLas ni\u00f1as y ni\u00f1os no s\u00f3lo son el futuro, son el presente y vamos a trabajar todos los d\u00edas para que puedan ejercer plenamente todos sus derechos\u201d, dijo. <a href=\"https:\/\/t.co\/gS5FdpQkYA\">pic.twitter.com\/gS5FdpQkYA<\/a><\/p>&mdash; Zona Roja Oaxaca (@ZonaRoja_Oaxaca) <a href=\"https:\/\/twitter.com\/ZonaRoja_Oaxaca\/status\/1527381991456493568?ref_src=twsrc%5Etfw\">19 de mayo de 2022<\/a><\/blockquote><\/div>\n<\/div><\/figure>\n\n\n\n<p>\u201cDise\u00f1aremos una pol\u00edtica integral y transversal contra la violencia que afecta a las ni\u00f1as y ni\u00f1os, incluyendo el matrimonio forzado; y nos aseguraremos que los 7 de cada 10 ni\u00f1os menores de 6 a\u00f1os que hoy viven en condici\u00f3n de exclusi\u00f3n y pobreza, tengan acceso a un mejor ma\u00f1ana\u201d, plante\u00f3.&nbsp;<\/p>\n\n\n\n<p>Explic\u00f3 que se priorizar\u00e1 la atenci\u00f3n a ni\u00f1as y ni\u00f1os de la primera infancia en condici\u00f3n de discriminaci\u00f3n o vulnerabilidad m\u00faltiple, con alguna discapacidad o pertenecientes a pueblos y comunidades ind\u00edgenas o afromexicano.&nbsp;<\/p>\n\n\n\n<p>\u201cLos 10 compromisos del Pacto por la Primera Infancia formar\u00e1n parte integral del Plan Estatal de Desarrollo 2022-2028, nos coordinaremos con los Sistemas Nacional, Estatal y Municipales de Protecci\u00f3n de Ni\u00f1as, Ni\u00f1os y Adolescentes, y trabajaremos muy de cerca con el Congreso del Estado para asegurar que se destinen los recursos presupuestarios necesarios para la garant\u00eda de derechos\u201d, afirm\u00f3.&nbsp;<\/p>\n\n\n\n<p>El abanderado de la coalici\u00f3n \u201cJuntos Hacemos Historia en Oaxaca\u201d, Salom\u00f3n Jara Cruz, finaliz\u00f3 destacando que en su gobierno, las ni\u00f1as y los ni\u00f1os ser\u00e1n reconocidos como sujetos de derechos y no solo como objetos de atenci\u00f3n de un Estado paternalista, \u201csi en verdad queremos un mejor futuro, debemos empezar hoy\u201d.<\/p>\n","protected":false},"excerpt":{"rendered":"<p>Redacci\u00f3n\/Zona Roja. Oaxaca de Ju\u00e1rez, Oax., 19 de mayo de 2022.- Para muchas personas, las&hellip;<\/p>\n","protected":false},"author":2,"featured_media":41394,"comment_status":"closed","ping_status":"open","sticky":false,"template":"","format":"standard","meta":{"_lmt_disableupdate":"","_lmt_disable":"","_jetpack_memberships_contains_paid_content":false,"footnotes":""},"categories":[109,46],"tags":[939],"class_list":["post-41393","post","type-post","status-publish","format-standard","has-post-thumbnail","hentry","category-minuto-a-minuto","category-zona-blanca","tag-salomon-jara-cruz"],"jetpack_featured_media_url":"https:\/\/zonaroja.com.mx\/wp-content\/uploads\/2022\/05\/Salomon-Jara-pacto-primera-infancia.jpeg","jetpack_sharing_enabled":true,"_links":{"self":[{"href":"https:\/\/zonaroja.com.mx\/index.php?rest_route=\/wp\/v2\/posts\/41393","targetHints":{"allow":["GET"]}}],"collection":[{"href":"https:\/\/zonaroja.com.mx\/index.php?rest_route=\/wp\/v2\/posts"}],"about":[{"href":"https:\/\/zonaroja.com.mx\/index.php?rest_route=\/wp\/v2\/types\/post"}],"author":[{"embeddable":true,"href":"https:\/\/zonaroja.com.mx\/index.php?rest_route=\/wp\/v2\/users\/2"}],"replies":[{"embeddable":true,"href":"https:\/\/zonaroja.com.mx\/index.php?rest_route=%2Fwp%2Fv2%2Fcomments&post=41393"}],"version-history":[{"count":1,"href":"https:\/\/zonaroja.com.mx\/index.php?rest_route=\/wp\/v2\/posts\/41393\/revisions"}],"predecessor-version":[{"id":41395,"href":"https:\/\/zonaroja.com.mx\/index.php?rest_route=\/wp\/v2\/posts\/41393\/revisions\/41395"}],"wp:featuredmedia":[{"embeddable":true,"href":"https:\/\/zonaroja.com.mx\/index.php?rest_route=\/wp\/v2\/media\/41394"}],"wp:attachment":[{"href":"https:\/\/zonaroja.com.mx\/index.php?rest_route=%2Fwp%2Fv2%2Fmedia&parent=41393"}],"wp:term":[{"taxonomy":"category","embeddable":true,"href":"https:\/\/zonaroja.com.mx\/index.php?rest_route=%2Fwp%2Fv2%2Fcategories&post=41393"},{"taxonomy":"post_tag","embeddable":true,"href":"https:\/\/zonaroja.com.mx\/index.php?rest_route=%2Fwp%2Fv2%2Ftags&post=41393"}],"curies":[{"name":"wp","href":"https:\/\/api.w.org\/{rel}","templated":true}]}}