{"id":41396,"date":"2022-05-20T09:16:00","date_gmt":"2022-05-20T14:16:00","guid":{"rendered":"http:\/\/www.zonaroja.com.mx\/?p=41396"},"modified":"2022-05-20T07:23:11","modified_gmt":"2022-05-20T12:23:11","slug":"trabajara-aviles-de-la-mano-con-oaxaquenos-para-lograr-mejores-oportunidades","status":"publish","type":"post","link":"https:\/\/zonaroja.com.mx\/?p=41396","title":{"rendered":"Trabajar\u00e1 Avil\u00e9s de la mano con oaxaque\u00f1os para lograr mejores oportunidades"},"content":{"rendered":"\n<p>Redacci\u00f3n\/Zona Roja.<\/p>\n\n\n\n<p>Oaxaca de Ju\u00e1rez, Oax., 20 de mayo de 2022. Durante su recorrido de campa\u00f1a en la regi\u00f3n de la Cuenca del Papaloapan, el candidato com\u00fan del PRI-PRD a la gubernatura de Oaxaca, Alejandro Avil\u00e9s \u00c1lvarez dej\u00f3 en claro que lo m\u00e1s importante en su proyecto de gobierno ser\u00e1n las y los oaxaque\u00f1os, con quienes trabajar\u00e1 de la mano para que tengan mejores oportunidades para salir adelante y mejorar su calidad de vida.&nbsp;<\/p>\n\n\n\n<p>Por ello, desde Cosolapa, el \u201cTriple A\u201d resalt\u00f3 que para dar respuesta a las demandas de las familias oaxaque\u00f1as, su administraci\u00f3n de gobierno concentrar\u00e1 todos los apoyos sociales a trav\u00e9s de la tarjeta \u201cTripleta\u201d, para que todas y todos los oaxaque\u00f1os accedan a servicios de salud, educaci\u00f3n y empleos.<\/p>\n\n\n\n<p>\u201cLos que tengan la \u2018Tripleta&#8217; va a tener uniformes y \u00fatiles escolares gratis, tambi\u00e9n tendr\u00e1 un apoyo alimentario mensual y el subsidio de un 30% del pago de su recibo de luz, gas e internet para ayudar a todas las jefas de familia, as\u00ed como tambi\u00e9n tendr\u00e1n derecho al seguro de desempleo\u201d, explic\u00f3.&nbsp;<\/p>\n\n\n\n<p>El abanderado priista, recalc\u00f3 que bajo este esquema se implementar\u00e1 el programa \u201cM\u00e9dico en tu Casa\u201d, que atender\u00e1 las necesidades de salud de las familias que no cuentan con seguro social en comunidades alejadas, donde un gran n\u00famero de oaxaque\u00f1as y oaxaque\u00f1os tienen que trasladarse para recibir atenci\u00f3n en hospitales y cl\u00ednicas.\u00a0<\/p>\n\n\n\n<figure class=\"wp-block-embed is-type-rich is-provider-twitter wp-block-embed-twitter\"><div class=\"wp-block-embed__wrapper\">\n<div class=\"twitter-tweet\"><blockquote class=\"twitter-tweet\" data-lang=\"es\"><p lang=\"es\" dir=\"ltr\"><a href=\"https:\/\/twitter.com\/hashtag\/EleccionesOaxaca2022?src=hash&amp;ref_src=twsrc%5Etfw\">#EleccionesOaxaca2022<\/a><br>El \u201cTriple A\u201d recorre este jueves la regi\u00f3n de la Cuenca. <br>\u201cMe reun\u00ed con la parte medular, el coraz\u00f3n de esta campa\u00f1a, la estructura de activismo de mi natal Cosolapa, con quienes en esta recta final daremos el <a href=\"https:\/\/twitter.com\/hashtag\/Triple?src=hash&amp;ref_src=twsrc%5Etfw\">#Triple<\/a> de esfuerzo\u201d, dijo <a href=\"https:\/\/twitter.com\/_AvilesAlvarez?ref_src=twsrc%5Etfw\">@_AvilesAlvarez<\/a>. <a href=\"https:\/\/t.co\/aHCddyh7ww\">pic.twitter.com\/aHCddyh7ww<\/a><\/p>&mdash; Zona Roja Oaxaca (@ZonaRoja_Oaxaca) <a href=\"https:\/\/twitter.com\/ZonaRoja_Oaxaca\/status\/1527475137645273088?ref_src=twsrc%5Etfw\">20 de mayo de 2022<\/a><\/blockquote><\/div>\n<\/div><\/figure>\n\n\n\n<p>\u201cTendremos brigadas m\u00e9dicas que van a ir a todas las comunidades donde no hay un centro de salud, a dar consultas y medicamentos gratis para las mujeres y los adultos mayores y para que reciban atenci\u00f3n m\u00e9dica preventiva de enfermedades como la diabetes e hipertensi\u00f3n\u201d, mencion\u00f3.&nbsp;<\/p>\n\n\n\n<p>Ante la estructura priista, Alejandro Avil\u00e9s detall\u00f3 que la \u201cTripleta\u201d, ser\u00e1 el medio para acceder a las becas escolares, las estancias infantiles, as\u00ed como beneficios en el transporte p\u00fablico y apoyos para las y los emprendedores, porque se trata de que ning\u00fan oaxaque\u00f1o sea excluido del desarrollo y progreso de Oaxaca.&nbsp;<\/p>\n\n\n\n<p>\u201cLa parte m\u00e1s importante de la campa\u00f1a son ustedes, porque ustedes son los que har\u00e1n posible el triunfo, estoy recorriendo las ocho regiones para hablar de frente y derecho, aqu\u00ed ante ustedes hago un compromiso: la Cuenca renacer\u00e1 con el Triple AAA\u201d, finaliz\u00f3.<\/p>\n","protected":false},"excerpt":{"rendered":"<p>Redacci\u00f3n\/Zona Roja. Oaxaca de Ju\u00e1rez, Oax., 20 de mayo de 2022. Durante su recorrido de&hellip;<\/p>\n","protected":false},"author":2,"featured_media":41397,"comment_status":"closed","ping_status":"open","sticky":false,"template":"","format":"standard","meta":{"_lmt_disableupdate":"","_lmt_disable":"","_jetpack_memberships_contains_paid_content":false,"footnotes":""},"categories":[109,46],"tags":[316],"class_list":["post-41396","post","type-post","status-publish","format-standard","has-post-thumbnail","hentry","category-minuto-a-minuto","category-zona-blanca","tag-alejandro-aviles-alvarez"],"jetpack_featured_media_url":"https:\/\/zonaroja.com.mx\/wp-content\/uploads\/2022\/05\/Alejandro-Aviles-en-la-Cuenca.jpg","jetpack_sharing_enabled":true,"_links":{"self":[{"href":"https:\/\/zonaroja.com.mx\/index.php?rest_route=\/wp\/v2\/posts\/41396","targetHints":{"allow":["GET"]}}],"collection":[{"href":"https:\/\/zonaroja.com.mx\/index.php?rest_route=\/wp\/v2\/posts"}],"about":[{"href":"https:\/\/zonaroja.com.mx\/index.php?rest_route=\/wp\/v2\/types\/post"}],"author":[{"embeddable":true,"href":"https:\/\/zonaroja.com.mx\/index.php?rest_route=\/wp\/v2\/users\/2"}],"replies":[{"embeddable":true,"href":"https:\/\/zonaroja.com.mx\/index.php?rest_route=%2Fwp%2Fv2%2Fcomments&post=41396"}],"version-history":[{"count":1,"href":"https:\/\/zonaroja.com.mx\/index.php?rest_route=\/wp\/v2\/posts\/41396\/revisions"}],"predecessor-version":[{"id":41398,"href":"https:\/\/zonaroja.com.mx\/index.php?rest_route=\/wp\/v2\/posts\/41396\/revisions\/41398"}],"wp:featuredmedia":[{"embeddable":true,"href":"https:\/\/zonaroja.com.mx\/index.php?rest_route=\/wp\/v2\/media\/41397"}],"wp:attachment":[{"href":"https:\/\/zonaroja.com.mx\/index.php?rest_route=%2Fwp%2Fv2%2Fmedia&parent=41396"}],"wp:term":[{"taxonomy":"category","embeddable":true,"href":"https:\/\/zonaroja.com.mx\/index.php?rest_route=%2Fwp%2Fv2%2Fcategories&post=41396"},{"taxonomy":"post_tag","embeddable":true,"href":"https:\/\/zonaroja.com.mx\/index.php?rest_route=%2Fwp%2Fv2%2Ftags&post=41396"}],"curies":[{"name":"wp","href":"https:\/\/api.w.org\/{rel}","templated":true}]}}