{"id":41399,"date":"2022-05-20T07:41:39","date_gmt":"2022-05-20T12:41:39","guid":{"rendered":"http:\/\/www.zonaroja.com.mx\/?p=41399"},"modified":"2022-05-20T07:55:51","modified_gmt":"2022-05-20T12:55:51","slug":"motociclista-ebrio-arrollo-a-mujer-embarazada-que-perdio-su-bebe-es-vinculado-a-proceso","status":"publish","type":"post","link":"https:\/\/zonaroja.com.mx\/?p=41399","title":{"rendered":"Motociclista ebrio arroll\u00f3 a mujer embarazada, que perdi\u00f3 su beb\u00e9; es vinculado a proceso"},"content":{"rendered":"\n<p>Redacci\u00f3n\/Zona Roja.<\/p>\n\n\n\n<p>Oaxaca de Ju\u00e1rez, Oax., 20 de mayo de 2022.- Un joven motociclista en presunto estado de ebriedad, que arroll\u00f3 a una mujer embarazada y quien perdi\u00f3 al producto, pretend\u00eda evadir la justicia, pero ya fue vinculado a proceso.<\/p>\n\n\n\n<p>Los hechos sucedieron la tarde del pasado domingo 15 de mayo, en la carretera federal 190, jurisdicci\u00f3n de San Agust\u00edn Yatareni, frente al centro comercial \u201cMacroplaza\u201d, cuando Samuel H. M., de 22 a\u00f1os de edad, atropell\u00f3 a la mujer identificada como M.M. E. M., con cinco meses de embarazo.<\/p>\n\n\n\n<p>Tras ello pretendi\u00f3 darse a la fuga, sin embargo fue detenido y presentado ante el Ministerio P\u00fablico de la Fiscal\u00eda General del Estado de Oaxaca. En tanto, el pasado martes se confirm\u00f3 que la lesionada perdi\u00f3 al producto de su embarazo, debido a las lesiones.<\/p>\n\n\n\n<p>La instituci\u00f3n de procuraci\u00f3n de justicia inform\u00f3 que obtuvo, del Juzgado de Control, vinculaci\u00f3n a proceso contra la persona del sexo masculino como probable responsable de los delitos de aborto forzoso, en agravio de la mujer M. M. E. M., adem\u00e1s de lesiones en contra de una adolescente y da\u00f1os culposos en perjuicio patrimonial del masculino V. W. C. G.<\/p>\n\n\n\n<p>De acuerdo con la causa penal 557\/2022, el 15 de mayo de 2022, el imputado -quien conduc\u00eda una motocicleta en estado de ebriedad- arroll\u00f3 a las v\u00edctimas, caus\u00e1ndole a M. M. E. M. la p\u00e9rdida del producto de la gestaci\u00f3n; adem\u00e1s, al derrapar la motocicleta, caus\u00f3 da\u00f1os a un veh\u00edculo que se encontraba estacionado.&nbsp;&nbsp;<\/p>\n\n\n\n<p>Luego de ser detenido y presentado ante la FGEO y gracias a los datos de prueba proporcionados por la Direcci\u00f3n de Averiguaciones Previas y Procesos, el Juez en turno determin\u00f3 vincular a proceso a Samuel H. M., imponi\u00e9ndole como medida cautelar la exhibici\u00f3n de una garant\u00eda econ\u00f3mica, orden\u00f3 la presentaci\u00f3n semanal del imputado, adem\u00e1s de someterse a cuidado y vigilancia de la Unidad de Medidas Cautelares (UMECA) y concedi\u00f3 tres meses para el cierre de investigaci\u00f3n complementaria.<\/p>\n","protected":false},"excerpt":{"rendered":"<p>Redacci\u00f3n\/Zona Roja. Oaxaca de Ju\u00e1rez, Oax., 20 de mayo de 2022.- Un joven motociclista en&hellip;<\/p>\n","protected":false},"author":2,"featured_media":41400,"comment_status":"closed","ping_status":"open","sticky":false,"template":"","format":"standard","meta":{"_lmt_disableupdate":"","_lmt_disable":"","_jetpack_memberships_contains_paid_content":false,"footnotes":""},"categories":[109,46],"tags":[494],"class_list":["post-41399","post","type-post","status-publish","format-standard","has-post-thumbnail","hentry","category-minuto-a-minuto","category-zona-blanca","tag-fiscalia-general-del-estado-de-oaxaca"],"jetpack_featured_media_url":"https:\/\/zonaroja.com.mx\/wp-content\/uploads\/2022\/05\/Detenido-quien-atropello-y-mato-a-bebe-en-gestacion.jpg","jetpack_sharing_enabled":true,"_links":{"self":[{"href":"https:\/\/zonaroja.com.mx\/index.php?rest_route=\/wp\/v2\/posts\/41399","targetHints":{"allow":["GET"]}}],"collection":[{"href":"https:\/\/zonaroja.com.mx\/index.php?rest_route=\/wp\/v2\/posts"}],"about":[{"href":"https:\/\/zonaroja.com.mx\/index.php?rest_route=\/wp\/v2\/types\/post"}],"author":[{"embeddable":true,"href":"https:\/\/zonaroja.com.mx\/index.php?rest_route=\/wp\/v2\/users\/2"}],"replies":[{"embeddable":true,"href":"https:\/\/zonaroja.com.mx\/index.php?rest_route=%2Fwp%2Fv2%2Fcomments&post=41399"}],"version-history":[{"count":2,"href":"https:\/\/zonaroja.com.mx\/index.php?rest_route=\/wp\/v2\/posts\/41399\/revisions"}],"predecessor-version":[{"id":41405,"href":"https:\/\/zonaroja.com.mx\/index.php?rest_route=\/wp\/v2\/posts\/41399\/revisions\/41405"}],"wp:featuredmedia":[{"embeddable":true,"href":"https:\/\/zonaroja.com.mx\/index.php?rest_route=\/wp\/v2\/media\/41400"}],"wp:attachment":[{"href":"https:\/\/zonaroja.com.mx\/index.php?rest_route=%2Fwp%2Fv2%2Fmedia&parent=41399"}],"wp:term":[{"taxonomy":"category","embeddable":true,"href":"https:\/\/zonaroja.com.mx\/index.php?rest_route=%2Fwp%2Fv2%2Fcategories&post=41399"},{"taxonomy":"post_tag","embeddable":true,"href":"https:\/\/zonaroja.com.mx\/index.php?rest_route=%2Fwp%2Fv2%2Ftags&post=41399"}],"curies":[{"name":"wp","href":"https:\/\/api.w.org\/{rel}","templated":true}]}}