{"id":41409,"date":"2022-05-20T08:23:39","date_gmt":"2022-05-20T13:23:39","guid":{"rendered":"http:\/\/www.zonaroja.com.mx\/?p=41409"},"modified":"2022-05-20T08:23:41","modified_gmt":"2022-05-20T13:23:41","slug":"maestria-en-derecho-judicial-convertira-a-oaxaca-en-centro-de-movimiento-juridico","status":"publish","type":"post","link":"https:\/\/zonaroja.com.mx\/?p=41409","title":{"rendered":"Maestr\u00eda en Derecho Judicial convertir\u00e1 a Oaxaca en centro de movimiento jur\u00eddico"},"content":{"rendered":"\n<p>Redacci\u00f3n\/Zona Roja.<\/p>\n\n\n\n<p>Oaxaca de Ju\u00e1rez, Oax., 20 de mayo de 2022.- Con&nbsp;la&nbsp;maestr\u00eda en Derecho Judicial que busca formar juezas y jueces con una visi\u00f3n internacional y humanista, Oaxaca se convertir\u00e1 en&nbsp;el&nbsp;centro de&nbsp;un movimiento jur\u00eddico-cultural, se\u00f1al\u00f3 el coordinador acad\u00e9mico&nbsp;de estos estudios especializados, doctor Mario \u00c1lvarez Ledesma, reconocido jurista mexicano que ha participado activamente en diferentes programas de posgrado y es profesor invitado externo, desde hace m\u00e1s de 10 a\u00f1os, de la&nbsp;Universidad de Perugia, Italia.&nbsp;<\/p>\n\n\n\n<p>En entrevista, indic\u00f3 que si se comienza cambiando la mentalidad de los 50 juezas y jueces que formar\u00e1n parte de la primera generaci\u00f3n, \u201cpaulatinamente se ir\u00e1 modificando de fondo la forma de hacer justicia no solo en Oaxaca sino en M\u00e9xico, con una visi\u00f3n humanista y con la idea de que el juzgador es el primer promotor y defensor de los derechos humanos\u201d.&nbsp;<\/p>\n\n\n\n<p>Explic\u00f3 que el cuerpo colegiado de&nbsp;los estudios especializados, lo conforman siete profesores, quienes ser\u00e1n los encargados de otorgar las becas&nbsp;y de elegir a las y los profesionistas que ingresar\u00e1n a la maestr\u00eda&nbsp;la cual&nbsp;se impartir\u00e1&nbsp;en la modalidad presencial y a distancia&nbsp;en tres idiomas: espa\u00f1ol, ingl\u00e9s e italiano, en estos dos \u00faltimos a partir del tercer semestre.&nbsp;<\/p>\n\n\n\n<p>Dise\u00f1ada conjuntamente por el Poder Judicial del Estado&nbsp;de Oaxaca, a trav\u00e9s de la Escuela Judicial, en colaboraci\u00f3n acad\u00e9mica con el Departamento de Derecho de la&nbsp;Universidad de Perugia, Italia, est\u00e1&nbsp;dirigida a&nbsp;magistradas, magistrados, juezas, jueces y dem\u00e1s operadores jurisdiccionales de los poderes judiciales de la Rep\u00fablica Mexicana y de Latinoam\u00e9rica.&nbsp;En una primera generaci\u00f3n se aceptar\u00e1n a 50 estudiantes.&nbsp;<br>El 31 de mayo es&nbsp;la fecha l\u00edmite para el registro al proceso de admisi\u00f3n, por lo cual, el Poder Judicial del Estado invita a consultar la convocatoria&nbsp;que se encuentra disponible en la p\u00e1gina web institucional del Poder Judicial del Estado o directamente desde el enlace&nbsp;https:\/\/www.tribunaloaxaca.gob.mx\/Home\/getPublicidad?idInformacion=254445.&nbsp;Para mayores informes se encuentra disponible el tel\u00e9fono&nbsp;951 5016680&nbsp;extensi\u00f3n&nbsp;32022.<\/p>\n","protected":false},"excerpt":{"rendered":"<p>Redacci\u00f3n\/Zona Roja. Oaxaca de Ju\u00e1rez, Oax., 20 de mayo de 2022.- Con&nbsp;la&nbsp;maestr\u00eda en Derecho Judicial&hellip;<\/p>\n","protected":false},"author":2,"featured_media":41410,"comment_status":"closed","ping_status":"open","sticky":false,"template":"","format":"standard","meta":{"_lmt_disableupdate":"","_lmt_disable":"","_jetpack_memberships_contains_paid_content":false,"footnotes":""},"categories":[109,46],"tags":[223],"class_list":["post-41409","post","type-post","status-publish","format-standard","has-post-thumbnail","hentry","category-minuto-a-minuto","category-zona-blanca","tag-poder-judicial-de-oaxaca"],"jetpack_featured_media_url":"https:\/\/zonaroja.com.mx\/wp-content\/uploads\/2022\/05\/Mario-Alvarez-Ledesma.jpg","jetpack_sharing_enabled":true,"_links":{"self":[{"href":"https:\/\/zonaroja.com.mx\/index.php?rest_route=\/wp\/v2\/posts\/41409","targetHints":{"allow":["GET"]}}],"collection":[{"href":"https:\/\/zonaroja.com.mx\/index.php?rest_route=\/wp\/v2\/posts"}],"about":[{"href":"https:\/\/zonaroja.com.mx\/index.php?rest_route=\/wp\/v2\/types\/post"}],"author":[{"embeddable":true,"href":"https:\/\/zonaroja.com.mx\/index.php?rest_route=\/wp\/v2\/users\/2"}],"replies":[{"embeddable":true,"href":"https:\/\/zonaroja.com.mx\/index.php?rest_route=%2Fwp%2Fv2%2Fcomments&post=41409"}],"version-history":[{"count":1,"href":"https:\/\/zonaroja.com.mx\/index.php?rest_route=\/wp\/v2\/posts\/41409\/revisions"}],"predecessor-version":[{"id":41411,"href":"https:\/\/zonaroja.com.mx\/index.php?rest_route=\/wp\/v2\/posts\/41409\/revisions\/41411"}],"wp:featuredmedia":[{"embeddable":true,"href":"https:\/\/zonaroja.com.mx\/index.php?rest_route=\/wp\/v2\/media\/41410"}],"wp:attachment":[{"href":"https:\/\/zonaroja.com.mx\/index.php?rest_route=%2Fwp%2Fv2%2Fmedia&parent=41409"}],"wp:term":[{"taxonomy":"category","embeddable":true,"href":"https:\/\/zonaroja.com.mx\/index.php?rest_route=%2Fwp%2Fv2%2Fcategories&post=41409"},{"taxonomy":"post_tag","embeddable":true,"href":"https:\/\/zonaroja.com.mx\/index.php?rest_route=%2Fwp%2Fv2%2Ftags&post=41409"}],"curies":[{"name":"wp","href":"https:\/\/api.w.org\/{rel}","templated":true}]}}