{"id":41427,"date":"2022-05-20T22:12:12","date_gmt":"2022-05-21T03:12:12","guid":{"rendered":"http:\/\/www.zonaroja.com.mx\/?p=41427"},"modified":"2022-05-20T22:12:13","modified_gmt":"2022-05-21T03:12:13","slug":"llaman-a-votar-por-salomon-jara-porque-garantiza-acabar-con-desigualdad","status":"publish","type":"post","link":"https:\/\/zonaroja.com.mx\/?p=41427","title":{"rendered":"Llaman a votar por Salom\u00f3n Jara, porque garantiza acabar con desigualdad"},"content":{"rendered":"\n<p>Redacci\u00f3n\/Zona Roja.<\/p>\n\n\n\n<p>Oaxaca de Ju\u00e1rez, Oax., 20 de mayo de 2022.- Reunido con personas trabajadoras, poseedoras de pr\u00e1cticas ancestrales y herederas de valores inquebrantables, Salom\u00f3n Jara Cruz, candidato al gobierno del estado por la coalici\u00f3n \u201cJuntos Hacemos Historia en Oaxaca\u201d, llam\u00f3 a votar el pr\u00f3ximo 5 de junio para eliminar la brecha de desigualdad social que propiciaron los malos gobiernos en Oaxaca.<\/p>\n\n\n\n<p>Al llevar el mensaje de la esperanza a los habitantes de las municipalidades de San Pablo Huixtepec, Cuil\u00e1pam de Guerrero y San Antonio de la Cal, Jara Cruz palp\u00f3 las lamentables condiciones en las cuales se encuentran diversas comunidades, \u201cabandonadas por autoridades que nunca se dignaron conocer sus necesidades reales\u201d.<\/p>\n\n\n\n<p>Nuestra gente es trabajadora, poseedora de muchos conocimientos y saberes, herederos de valores y costumbres inquebrantables, y el territorio estatal tiene todo para poder garantizar el desarrollo de la entidad y salir adelante.<\/p>\n\n\n\n<p>Lamentablemente no le ha tocado un buen gobierno que, fusionando ambos aspectos, detone el desarrollo y bienestar de la entidad\u201d, sostuvo.<\/p>\n\n\n\n<p>Pero esto se termin\u00f3 -dijo- porque despu\u00e9s del 5 de junio, cuando el pueblo comience a escribir el libro de una nueva historia para Oaxaca, el gobierno se enfocar\u00e1 en garantizar todos los derechos a las comunidades, porque ser\u00e1n las mismas comunidades, de la mano del gobernante, qui\u00e9nes administren el poder.<\/p>\n\n\n\n<p>Salom\u00f3n Jara Cruz subray\u00f3 que el gobierno de la 4T trabajar\u00e1 para que los hombres y mujeres que viven al d\u00eda, por la falta de alg\u00fan empleo formal, cuenten con las herramientas suficientes que contribuyan eliminar sus carencias.<\/p>\n\n\n\n<p>\u201cVamos a apostarle a una mejor calidad de vida para todos y todas, desapareceremos las desigualdades y la brecha social que ha dejado a una gran mayor\u00eda de personas en la pobreza\u201d, asegur\u00f3.<\/p>\n\n\n\n<p>Se acabar\u00e1 la pr\u00e1ctica corrupta de pedir moches, inflar gastos y despilfarrar en lujos. El nuevo gobierno ser\u00e1 austero, honesto y humilde, as\u00ed alcanzar\u00e1 m\u00e1s recurso para el pueblo, apunt\u00f3 desde San Antonio de la Cal, donde culmin\u00f3 sus actividades proselitistas de este d\u00eda.<\/p>\n","protected":false},"excerpt":{"rendered":"<p>Redacci\u00f3n\/Zona Roja. Oaxaca de Ju\u00e1rez, Oax., 20 de mayo de 2022.- Reunido con personas trabajadoras,&hellip;<\/p>\n","protected":false},"author":2,"featured_media":41428,"comment_status":"closed","ping_status":"open","sticky":false,"template":"","format":"standard","meta":{"_lmt_disableupdate":"","_lmt_disable":"","_jetpack_memberships_contains_paid_content":false,"footnotes":""},"categories":[109,46],"tags":[939],"class_list":["post-41427","post","type-post","status-publish","format-standard","has-post-thumbnail","hentry","category-minuto-a-minuto","category-zona-blanca","tag-salomon-jara-cruz"],"jetpack_featured_media_url":"https:\/\/zonaroja.com.mx\/wp-content\/uploads\/2022\/05\/Salomon-Jara-Valles-Centrales.jpg","jetpack_sharing_enabled":true,"_links":{"self":[{"href":"https:\/\/zonaroja.com.mx\/index.php?rest_route=\/wp\/v2\/posts\/41427","targetHints":{"allow":["GET"]}}],"collection":[{"href":"https:\/\/zonaroja.com.mx\/index.php?rest_route=\/wp\/v2\/posts"}],"about":[{"href":"https:\/\/zonaroja.com.mx\/index.php?rest_route=\/wp\/v2\/types\/post"}],"author":[{"embeddable":true,"href":"https:\/\/zonaroja.com.mx\/index.php?rest_route=\/wp\/v2\/users\/2"}],"replies":[{"embeddable":true,"href":"https:\/\/zonaroja.com.mx\/index.php?rest_route=%2Fwp%2Fv2%2Fcomments&post=41427"}],"version-history":[{"count":1,"href":"https:\/\/zonaroja.com.mx\/index.php?rest_route=\/wp\/v2\/posts\/41427\/revisions"}],"predecessor-version":[{"id":41429,"href":"https:\/\/zonaroja.com.mx\/index.php?rest_route=\/wp\/v2\/posts\/41427\/revisions\/41429"}],"wp:featuredmedia":[{"embeddable":true,"href":"https:\/\/zonaroja.com.mx\/index.php?rest_route=\/wp\/v2\/media\/41428"}],"wp:attachment":[{"href":"https:\/\/zonaroja.com.mx\/index.php?rest_route=%2Fwp%2Fv2%2Fmedia&parent=41427"}],"wp:term":[{"taxonomy":"category","embeddable":true,"href":"https:\/\/zonaroja.com.mx\/index.php?rest_route=%2Fwp%2Fv2%2Fcategories&post=41427"},{"taxonomy":"post_tag","embeddable":true,"href":"https:\/\/zonaroja.com.mx\/index.php?rest_route=%2Fwp%2Fv2%2Ftags&post=41427"}],"curies":[{"name":"wp","href":"https:\/\/api.w.org\/{rel}","templated":true}]}}