{"id":4143,"date":"2019-09-20T19:25:30","date_gmt":"2019-09-21T00:25:30","guid":{"rendered":"http:\/\/www.zonaroja.com.mx\/?p=4143"},"modified":"2019-09-20T19:25:33","modified_gmt":"2019-09-21T00:25:33","slug":"mas-de-120-organizaciones-en-oaxaca-exigen-la-despenalizacion-del-aborto","status":"publish","type":"post","link":"https:\/\/zonaroja.com.mx\/?p=4143","title":{"rendered":"M\u00e1s de 120 organizaciones en Oaxaca exigen la despenalizaci\u00f3n del aborto"},"content":{"rendered":"\n<p>Evlin\nArag\u00f3n\/Zona Roja.<\/p>\n\n\n\n<p>Oaxaca de\nJu\u00e1rez, Oax., 20 de septiembre de 2019.- M\u00e1s de 120 organizaciones y m\u00e1s de 600\nmujeres a t\u00edtulo personal, firmaron el posicionamiento que este viernes se hizo\np\u00fablico para exigir la aprobaci\u00f3n de la reforma constitucional y modificaci\u00f3n\nal C\u00f3digo Penal, que permitan la despenalizaci\u00f3n del aborto en Oaxaca.<\/p>\n\n\n\n<p>Con el ya\ncaracter\u00edstico pa\u00f1uelo verde a favor de la despenalizaci\u00f3n del aborto, hicieron\nun llamado a respetar el cuerpo de las mujeres y dejarlas ser soberanas de su\nproyecto de vida, sin ser consideradas ciudadanas de segunda con derechos a\nmedias debido a la falsa moral y estigmas religiosos de un sector de la\nsociedad.<\/p>\n\n\n\n<p>\u201cEl llamado\nes a que nos dejen ser soberanas de nuestro cuerpo, el Obispo o los se\u00f1ores que\nfueron a rezar al Congreso qu\u00e9 tienen que decidir sobre nuestro cuerpo, sobre\nnuestra decisi\u00f3n aut\u00f3noma y natural de ser o no madres; qui\u00e9n va y se mete con\nellos, qui\u00e9n les pregunta\u201d, dijo en conferencia Y\u00e9sica S\u00e1nchez Maya, activista\npor la despenalizaci\u00f3n del aborto. <\/p>\n\n\n\n<p>En conjunto,\nel grupo de mujeres explic\u00f3 que en Oaxaca se realizan m\u00e1s de nueve mil abortos\nal a\u00f1o, seg\u00fan datos de los Servicios de Salud, siendo las mujeres de m\u00e1s bajos\nrecursos econ\u00f3micos quienes arriesgan sus vidas y padecen da\u00f1os a sus estados\nde salud al ejercer el derecho a decidir sobre su cuerpo en condiciones\ninsalubres y de ilegalidad.<\/p>\n\n\n\n<p>En este\nmismo sentido, indicaron que el INEGI ha se\u00f1alado que el 17 por ciento de los\nabortos son de mujeres menores a los 20 a\u00f1os, siendo este la tercera causa de\nmortalidad materna en Oaxaca, situaci\u00f3n que confirma que se trata de una\nproblem\u00e1tica de salud p\u00fablica que debe ser atendida por el Estado. <\/p>\n\n\n\n<p>\u201cHay muchos\nmitos alrededor del aborto, aqu\u00ed la discusi\u00f3n no es aborto s\u00ed o aborto no, aqu\u00ed\nla cuesti\u00f3n es que los abortos clandestinos est\u00e1n poniendo en riesgo la vida y\nla salud de las mujeres y lo que buscamos con la despenalizaci\u00f3n es que las\nmujeres tengan las opciones para llevar a cabo un procedimiento en las mejores\ncondiciones sin poner en riesgo sus vidas\u201d, se\u00f1al\u00f3 Mayra Morales Aldaz. <\/p>\n\n\n\n<p>El problema\nde salud precaria no es el \u00fanico al que se enfrentan las mujeres al momento de\npracticarse un aborto, ya que actualmente enfrentan las acusaciones legales por\nhaberse realizado el procedimiento en la clandestinidad. <\/p>\n\n\n\n<p>Explicaron\nque hasta el momento se tienen registradas 49 carpetas abiertas de\ninvestigaci\u00f3n por el delito de aborto, situaci\u00f3n que de acuerdo con las\nactivistas representa una falla del Estado, adem\u00e1s de una violaci\u00f3n grave a los\nderechos humanos de las mujeres.<\/p>\n\n\n\n<p>\u201cFrente a\nlas deplorables condiciones que enfrentan las mujeres oaxaque\u00f1as, manifestamos\nnuestro firme llamado al Congreso local para que, en respeto al Estado Laico y\ndictados constitucionales, apruebe las iniciativas de reforma constitucional y\ndel C\u00f3digo Penal para garantizar la interrupci\u00f3n legal del embarazo en Oaxaca\u201d,\nmanifestaron.<\/p>\n\n\n\n<p>En este\nsentido, explicaron que se oponen rotundamente a quienes irresponsablemente\nproponen someter a consulta p\u00fablica la legalizaci\u00f3n del aborto, ya que los\nderechos no se consultan, por el contrario el Estado est\u00e1 obligado a\ngarantizarlos para el ejercicio y goce de la ciudadan\u00eda.<\/p>\n\n\n\n<p>\u201cLos\nfundamentalistas lo \u00fanico que quieren es controlar los cuerpos de las mujeres,\nno es real su preocupaci\u00f3n de lo contrario har\u00edan lo mismo -manifestaciones y\nmarchas- en contra de los curas pederastas, lo cual no sucede y por el\ncontrario son los hombres los que mayormente se desgarran las vestiduras en un\ntema que no les atraviesa el cuerpo\u201d, asegur\u00f3 la activista Pilar Muriedas.<\/p>\n\n\n\n<p>Por lo\nanterior llamaron a las y los legisladores a ser leales defensores del Estado\nLaico y principios juaristas que han defendido en otros momentos de su vida\npol\u00edtica y avalar de una vez por todas las reformas legislativas para legalizar\nel aborto hasta las 12 semanas de gestaci\u00f3n en Oaxaca.<\/p>\n\n\n\n<p>\u201cLo anterior\nno significa que vaya a haber m\u00e1s abortos en el estado, es un asunto de\nderechos como el divorcio ah\u00ed est\u00e1 y no por eso se obliga a las mujeres a\nseparase, se trata de leyes para que las mujeres podamos decidir sobre nuestros\ncuerpos y tener garantizado nuestro derecho a la salud\u201d, insistieron las\nactivistas.<\/p>\n","protected":false},"excerpt":{"rendered":"<p>Evlin Arag\u00f3n\/Zona Roja. Oaxaca de Ju\u00e1rez, Oax., 20 de septiembre de 2019.- M\u00e1s de 120&hellip;<\/p>\n","protected":false},"author":2,"featured_media":4144,"comment_status":"closed","ping_status":"open","sticky":false,"template":"","format":"standard","meta":{"_lmt_disableupdate":"","_lmt_disable":"","_jetpack_memberships_contains_paid_content":false,"footnotes":""},"categories":[109,47],"tags":[741],"class_list":["post-4143","post","type-post","status-publish","format-standard","has-post-thumbnail","hentry","category-minuto-a-minuto","category-zona-gris","tag-aborto-en-oaxaca"],"jetpack_featured_media_url":"https:\/\/zonaroja.com.mx\/wp-content\/uploads\/2019\/09\/c21c6f39-22ab-4243-a6d9-f3a3f2757034.jpg","jetpack_sharing_enabled":true,"_links":{"self":[{"href":"https:\/\/zonaroja.com.mx\/index.php?rest_route=\/wp\/v2\/posts\/4143","targetHints":{"allow":["GET"]}}],"collection":[{"href":"https:\/\/zonaroja.com.mx\/index.php?rest_route=\/wp\/v2\/posts"}],"about":[{"href":"https:\/\/zonaroja.com.mx\/index.php?rest_route=\/wp\/v2\/types\/post"}],"author":[{"embeddable":true,"href":"https:\/\/zonaroja.com.mx\/index.php?rest_route=\/wp\/v2\/users\/2"}],"replies":[{"embeddable":true,"href":"https:\/\/zonaroja.com.mx\/index.php?rest_route=%2Fwp%2Fv2%2Fcomments&post=4143"}],"version-history":[{"count":1,"href":"https:\/\/zonaroja.com.mx\/index.php?rest_route=\/wp\/v2\/posts\/4143\/revisions"}],"predecessor-version":[{"id":4145,"href":"https:\/\/zonaroja.com.mx\/index.php?rest_route=\/wp\/v2\/posts\/4143\/revisions\/4145"}],"wp:featuredmedia":[{"embeddable":true,"href":"https:\/\/zonaroja.com.mx\/index.php?rest_route=\/wp\/v2\/media\/4144"}],"wp:attachment":[{"href":"https:\/\/zonaroja.com.mx\/index.php?rest_route=%2Fwp%2Fv2%2Fmedia&parent=4143"}],"wp:term":[{"taxonomy":"category","embeddable":true,"href":"https:\/\/zonaroja.com.mx\/index.php?rest_route=%2Fwp%2Fv2%2Fcategories&post=4143"},{"taxonomy":"post_tag","embeddable":true,"href":"https:\/\/zonaroja.com.mx\/index.php?rest_route=%2Fwp%2Fv2%2Ftags&post=4143"}],"curies":[{"name":"wp","href":"https:\/\/api.w.org\/{rel}","templated":true}]}}