{"id":41430,"date":"2022-05-21T07:14:42","date_gmt":"2022-05-21T12:14:42","guid":{"rendered":"http:\/\/www.zonaroja.com.mx\/?p=41430"},"modified":"2022-05-21T07:14:43","modified_gmt":"2022-05-21T12:14:43","slug":"mes-y-medio-despues-de-retencion-liberan-a-tres-personas-en-oaxaca","status":"publish","type":"post","link":"https:\/\/zonaroja.com.mx\/?p=41430","title":{"rendered":"Mes y medio despu\u00e9s de retenci\u00f3n, liberan a tres personas en Oaxaca"},"content":{"rendered":"\n<p>Redacci\u00f3n\/Zona Roja.<\/p>\n\n\n\n<p>Oaxaca de Ju\u00e1rez, Oax., 21 de mayo de 2022.- Mes y medio despu\u00e9s de su retenci\u00f3n, tres pobladores de San Mart\u00edn Peras, Oaxaca, fueron liberados anoche en la comunidad de Cerro Hidalgo.<\/p>\n\n\n\n<p>A trav\u00e9s de las redes sociales, la Secretar\u00eda Genera de Gobierno (Segego) confirm\u00f3 que, tras una reuni\u00f3n en el complejo gubernamental ubicado en Ciudad Administrativa, Tlalixtac de Cabrera, se logr\u00f3 que fueran puestos en libertad.<\/p>\n\n\n\n<p>Desde el pasado 6 de abril fueron detenidas tres personas, Sergio Salvador L\u00f3pez, Filiberto Gracida Rivera y Bernardino P\u00e9rez Mendoza, originarios de San Mart\u00edn Peras, por acudir a colocar propaganda para una elecci\u00f3n en la comunidad de Cerro Hidalgo.<\/p>\n\n\n\n<p>\u201cPor instrucciones del Srio. Gral. del @GobOax, @PacoPiza9, el Director de Operaci\u00f3n Regional, sostuvo una reuni\u00f3n con autoridades municipales de San Mart\u00edn Peras y su agencia Cerro Hidalgo; tras un intenso di\u00e1logo, se alcanzaron acuerdos y se liberan a las personas retenidas\u201d, difundi\u00f3 anoche la dependencia estatal.<\/p>\n\n\n\n<p>Previo a ello, la semana pasada fueron desalojados de manera violenta un grupo de pobladores de San Mart\u00edn Peras de la sede de la sede de la Fiscal\u00eda General del Estado en el municipio de Santiago Juxtlahuaca, quienes mantuvieron un \u201cplant\u00f3n\u201d para exigir liberaci\u00f3n de sus retenidos, pero mantuvieron encerrado por varios d\u00edas a un integrante del Ministerio P\u00fablico.<\/p>\n","protected":false},"excerpt":{"rendered":"<p>Redacci\u00f3n\/Zona Roja. Oaxaca de Ju\u00e1rez, Oax., 21 de mayo de 2022.- Mes y medio despu\u00e9s&hellip;<\/p>\n","protected":false},"author":2,"featured_media":41224,"comment_status":"closed","ping_status":"open","sticky":false,"template":"","format":"standard","meta":{"_lmt_disableupdate":"","_lmt_disable":"","_jetpack_memberships_contains_paid_content":false,"footnotes":""},"categories":[109,47],"tags":[1872],"class_list":["post-41430","post","type-post","status-publish","format-standard","has-post-thumbnail","hentry","category-minuto-a-minuto","category-zona-gris","tag-san-martin-peras"],"jetpack_featured_media_url":"https:\/\/zonaroja.com.mx\/wp-content\/uploads\/2022\/05\/Retenidos-San-Martin-Peras-Cerro-Hidalgo-Oaxaca.jpeg","jetpack_sharing_enabled":true,"_links":{"self":[{"href":"https:\/\/zonaroja.com.mx\/index.php?rest_route=\/wp\/v2\/posts\/41430","targetHints":{"allow":["GET"]}}],"collection":[{"href":"https:\/\/zonaroja.com.mx\/index.php?rest_route=\/wp\/v2\/posts"}],"about":[{"href":"https:\/\/zonaroja.com.mx\/index.php?rest_route=\/wp\/v2\/types\/post"}],"author":[{"embeddable":true,"href":"https:\/\/zonaroja.com.mx\/index.php?rest_route=\/wp\/v2\/users\/2"}],"replies":[{"embeddable":true,"href":"https:\/\/zonaroja.com.mx\/index.php?rest_route=%2Fwp%2Fv2%2Fcomments&post=41430"}],"version-history":[{"count":1,"href":"https:\/\/zonaroja.com.mx\/index.php?rest_route=\/wp\/v2\/posts\/41430\/revisions"}],"predecessor-version":[{"id":41431,"href":"https:\/\/zonaroja.com.mx\/index.php?rest_route=\/wp\/v2\/posts\/41430\/revisions\/41431"}],"wp:featuredmedia":[{"embeddable":true,"href":"https:\/\/zonaroja.com.mx\/index.php?rest_route=\/wp\/v2\/media\/41224"}],"wp:attachment":[{"href":"https:\/\/zonaroja.com.mx\/index.php?rest_route=%2Fwp%2Fv2%2Fmedia&parent=41430"}],"wp:term":[{"taxonomy":"category","embeddable":true,"href":"https:\/\/zonaroja.com.mx\/index.php?rest_route=%2Fwp%2Fv2%2Fcategories&post=41430"},{"taxonomy":"post_tag","embeddable":true,"href":"https:\/\/zonaroja.com.mx\/index.php?rest_route=%2Fwp%2Fv2%2Ftags&post=41430"}],"curies":[{"name":"wp","href":"https:\/\/api.w.org\/{rel}","templated":true}]}}