{"id":41435,"date":"2022-05-21T09:23:00","date_gmt":"2022-05-21T14:23:00","guid":{"rendered":"http:\/\/www.zonaroja.com.mx\/?p=41435"},"modified":"2022-05-21T07:54:43","modified_gmt":"2022-05-21T12:54:43","slug":"ante-omision-de-inocente-castellanos-le-ordena-teeo-asignar-regidora","status":"publish","type":"post","link":"https:\/\/zonaroja.com.mx\/?p=41435","title":{"rendered":"Ante omisi\u00f3n de Inocente Castellanos, le ordena TEEO asignar regidora"},"content":{"rendered":"\n<p>Redacci\u00f3n\/Zona Roja. &nbsp;<\/p>\n\n\n\n<p>Oaxaca de Ju\u00e1rez, Oaxaca, a 21 de mayo de 2022.- A casi dos meses de haber asumido el cargo, el presidente municipal de Santa Cruz Xoxocotl\u00e1n no ha cumplido con asignar una regular\u00eda de representaci\u00f3n proporcional.<\/p>\n\n\n\n<p>Ante ello, el pleno del Tribunal Electoral del Estado de Oaxaca (TEEO) orden\u00f3 ayer al edil cumpla, a la brevedad, con el procedimiento para la asignaci\u00f3n de la primer concejal\u00eda, v\u00eda representaci\u00f3n proporcional, de ese ayuntamiento.<\/p>\n\n\n\n<p>En un comunicado, el \u00f3rgano inform\u00f3 que mediante el juicio de la ciudadan\u00eda con clave JDC\/638\/2022, el presidente, en lugar de haber remitido al &nbsp;Congreso del Estado, la renuncia de la primer concejal propietaria electa por la v\u00eda plurinominal, para que fuera ratificada por su suscriptora, debe convocarla a asumir el cargo para el que la ciudadan\u00eda de Santa Cruz Xoxocotl\u00e1n la eligi\u00f3.<\/p>\n\n\n\n<p>El Tribunal Electoral detall\u00f3 que, de no comparecer o de informar su negativa en ese sentido, dentro del plazo legal establecido, el presidente municipal debe llamar a la actora en su calidad de suplente.<\/p>\n\n\n\n<p>En este asunto, el TEEO declar\u00f3 la inexistencia de la violencia pol\u00edtica en raz\u00f3n de g\u00e9nero aducida por la concejal suplente electa de Xoxocotl\u00e1n, sin embargo, determin\u00f3 como fundado el agravio hecho valer respecto a la omisi\u00f3n de la autoridad responsable de darle las copias que solicit\u00f3.<\/p>\n","protected":false},"excerpt":{"rendered":"<p>Redacci\u00f3n\/Zona Roja. &nbsp; Oaxaca de Ju\u00e1rez, Oaxaca, a 21 de mayo de 2022.- A casi&hellip;<\/p>\n","protected":false},"author":2,"featured_media":41436,"comment_status":"closed","ping_status":"open","sticky":false,"template":"","format":"standard","meta":{"_lmt_disableupdate":"","_lmt_disable":"","_jetpack_memberships_contains_paid_content":false,"footnotes":""},"categories":[109,47],"tags":[3066],"class_list":["post-41435","post","type-post","status-publish","format-standard","has-post-thumbnail","hentry","category-minuto-a-minuto","category-zona-gris","tag-inocente-castellanos-alejos"],"jetpack_featured_media_url":"https:\/\/zonaroja.com.mx\/wp-content\/uploads\/2022\/05\/Inocente-Castellanos-Xoxocotlan.jpg","jetpack_sharing_enabled":true,"_links":{"self":[{"href":"https:\/\/zonaroja.com.mx\/index.php?rest_route=\/wp\/v2\/posts\/41435","targetHints":{"allow":["GET"]}}],"collection":[{"href":"https:\/\/zonaroja.com.mx\/index.php?rest_route=\/wp\/v2\/posts"}],"about":[{"href":"https:\/\/zonaroja.com.mx\/index.php?rest_route=\/wp\/v2\/types\/post"}],"author":[{"embeddable":true,"href":"https:\/\/zonaroja.com.mx\/index.php?rest_route=\/wp\/v2\/users\/2"}],"replies":[{"embeddable":true,"href":"https:\/\/zonaroja.com.mx\/index.php?rest_route=%2Fwp%2Fv2%2Fcomments&post=41435"}],"version-history":[{"count":1,"href":"https:\/\/zonaroja.com.mx\/index.php?rest_route=\/wp\/v2\/posts\/41435\/revisions"}],"predecessor-version":[{"id":41437,"href":"https:\/\/zonaroja.com.mx\/index.php?rest_route=\/wp\/v2\/posts\/41435\/revisions\/41437"}],"wp:featuredmedia":[{"embeddable":true,"href":"https:\/\/zonaroja.com.mx\/index.php?rest_route=\/wp\/v2\/media\/41436"}],"wp:attachment":[{"href":"https:\/\/zonaroja.com.mx\/index.php?rest_route=%2Fwp%2Fv2%2Fmedia&parent=41435"}],"wp:term":[{"taxonomy":"category","embeddable":true,"href":"https:\/\/zonaroja.com.mx\/index.php?rest_route=%2Fwp%2Fv2%2Fcategories&post=41435"},{"taxonomy":"post_tag","embeddable":true,"href":"https:\/\/zonaroja.com.mx\/index.php?rest_route=%2Fwp%2Fv2%2Ftags&post=41435"}],"curies":[{"name":"wp","href":"https:\/\/api.w.org\/{rel}","templated":true}]}}