{"id":41438,"date":"2022-05-21T08:03:16","date_gmt":"2022-05-21T13:03:16","guid":{"rendered":"http:\/\/www.zonaroja.com.mx\/?p=41438"},"modified":"2022-05-21T08:03:17","modified_gmt":"2022-05-21T13:03:17","slug":"vinculan-a-proceso-a-dos-presuntos-asesinos-de-mujer-en-la-capital-de-oaxaca","status":"publish","type":"post","link":"https:\/\/zonaroja.com.mx\/?p=41438","title":{"rendered":"Vinculan a proceso a dos presuntos asesinos de mujer en la capital de Oaxaca"},"content":{"rendered":"\n<p>Redacci\u00f3n\/Zona Roja.&nbsp;<\/p>\n\n\n\n<p>Oaxaca de Ju\u00e1rez, Oax., 21 de mayo de 2022.- Dos personas que fueron detenidas acusadas de haber asesinado a una mujer en la ciudad de Oaxaca y lesionado a otra, fueron vinculadas a proceso.<\/p>\n\n\n\n<p>La Fiscal\u00eda General del Estado de Oaxaca (FGEO) inform\u00f3 que obtuvo del Juzgado de Control dicha vinculaci\u00f3n en contra de Irving M. P. y Jos\u00e9 de Jes\u00fas R. P., se\u00f1alados como&nbsp; probables responsables del delito homicidio calificado con ventaja en agravio de la mujer que en vida respondi\u00f3 al nombre de Catalina S. G., y de lesiones calificadas con la agravante de ventaja en contra de la v\u00edctima J. L. M.<\/p>\n\n\n\n<p>En un comunicado, detall\u00f3 que, de acuerdo con la causa penal 513\/2022, el 8 de mayo de 2022, las v\u00edctimas viajaban a bordo de una camioneta tipo Jeep Grand Cherokee, cuando los imputados \u2013en compa\u00f1\u00eda de otras personas- les cerraron el paso a la altura de la calle Independencia, ubicada en la Segunda Secci\u00f3n del Ejido Guadalupe Victoria, Oaxaca de Ju\u00e1rez, donde los agredieron con disparos de arma de fuego.<\/p>\n\n\n\n<p>Expuso que a los imputados, se les&nbsp; ejecut\u00f3 la orden de aprehensi\u00f3n el pasado 13 de mayo del presente a\u00f1o, acci\u00f3n realizada por elementos de la Agencia Estatal de Investigaciones (AEI) por lo que fueron presentados de forma inmediata ante la autoridad judicial que lo requiri\u00f3.<\/p>\n\n\n\n<p>La Fiscal\u00eda agreg\u00f3 que tras ello inici\u00f3 las diligencias correspondientes a trav\u00e9s de la Fiscal\u00eda Especializada para la Atenci\u00f3n a Delitos Contra la Mujer por Raz\u00f3n de G\u00e9nero, y como resultado de los datos de prueba aportados, el Juez en turno determin\u00f3 vincular a proceso a los probables responsables e impuso la medida cautelar de prisi\u00f3n preventiva definitiva. As\u00ed tambi\u00e9n otorg\u00f3 cuatro meses para el cierre de investigaci\u00f3n complementaria.<\/p>\n","protected":false},"excerpt":{"rendered":"<p>Redacci\u00f3n\/Zona Roja.&nbsp; Oaxaca de Ju\u00e1rez, Oax., 21 de mayo de 2022.- Dos personas que fueron&hellip;<\/p>\n","protected":false},"author":2,"featured_media":41439,"comment_status":"closed","ping_status":"open","sticky":false,"template":"","format":"standard","meta":{"_lmt_disableupdate":"","_lmt_disable":"","_jetpack_memberships_contains_paid_content":false,"footnotes":""},"categories":[109,46],"tags":[494],"class_list":["post-41438","post","type-post","status-publish","format-standard","has-post-thumbnail","hentry","category-minuto-a-minuto","category-zona-blanca","tag-fiscalia-general-del-estado-de-oaxaca"],"jetpack_featured_media_url":"https:\/\/zonaroja.com.mx\/wp-content\/uploads\/2022\/05\/Detenidos-asesinatos-agencia-Guadalupe-Victoria.webp","jetpack_sharing_enabled":true,"_links":{"self":[{"href":"https:\/\/zonaroja.com.mx\/index.php?rest_route=\/wp\/v2\/posts\/41438","targetHints":{"allow":["GET"]}}],"collection":[{"href":"https:\/\/zonaroja.com.mx\/index.php?rest_route=\/wp\/v2\/posts"}],"about":[{"href":"https:\/\/zonaroja.com.mx\/index.php?rest_route=\/wp\/v2\/types\/post"}],"author":[{"embeddable":true,"href":"https:\/\/zonaroja.com.mx\/index.php?rest_route=\/wp\/v2\/users\/2"}],"replies":[{"embeddable":true,"href":"https:\/\/zonaroja.com.mx\/index.php?rest_route=%2Fwp%2Fv2%2Fcomments&post=41438"}],"version-history":[{"count":1,"href":"https:\/\/zonaroja.com.mx\/index.php?rest_route=\/wp\/v2\/posts\/41438\/revisions"}],"predecessor-version":[{"id":41440,"href":"https:\/\/zonaroja.com.mx\/index.php?rest_route=\/wp\/v2\/posts\/41438\/revisions\/41440"}],"wp:featuredmedia":[{"embeddable":true,"href":"https:\/\/zonaroja.com.mx\/index.php?rest_route=\/wp\/v2\/media\/41439"}],"wp:attachment":[{"href":"https:\/\/zonaroja.com.mx\/index.php?rest_route=%2Fwp%2Fv2%2Fmedia&parent=41438"}],"wp:term":[{"taxonomy":"category","embeddable":true,"href":"https:\/\/zonaroja.com.mx\/index.php?rest_route=%2Fwp%2Fv2%2Fcategories&post=41438"},{"taxonomy":"post_tag","embeddable":true,"href":"https:\/\/zonaroja.com.mx\/index.php?rest_route=%2Fwp%2Fv2%2Ftags&post=41438"}],"curies":[{"name":"wp","href":"https:\/\/api.w.org\/{rel}","templated":true}]}}