{"id":41445,"date":"2022-05-21T08:49:44","date_gmt":"2022-05-21T13:49:44","guid":{"rendered":"http:\/\/www.zonaroja.com.mx\/?p=41445"},"modified":"2022-05-21T08:49:45","modified_gmt":"2022-05-21T13:49:45","slug":"alarma-incremento-de-casos-de-hepatitis-en-mexico-van-entre-25-y-30-casos","status":"publish","type":"post","link":"https:\/\/zonaroja.com.mx\/?p=41445","title":{"rendered":"Alarma incremento de casos de hepatitis en M\u00e9xico: van entre 25 y 30 casos"},"content":{"rendered":"\n<p>Redacci\u00f3n\/Zona Roja.<\/p>\n\n\n\n<p>Ciudad de M\u00e9xico, 21 de mayo de 2022.-&nbsp;En M\u00e9xico hay actualmente entre 25 y 30 casos sospechosos de hepatitis aguda infantil de origen desconocido, as\u00ed lo se\u00f1al\u00f3 el subsecretario de Salud, Hugo L\u00f3pez-Gatell, quien confirm\u00f3 la primera muerte por este padecimiento en el pa\u00eds.<\/p>\n\n\n\n<p>\u201cSolamente en Reino Unido se conoce que la frecuencia de casos de hepatitis aguda grave en menores de edad es mayor a lo esperado. En M\u00e9xico no, en M\u00e9xico tenemos casos de hepatitis aguda grave, algunos desafortunadamente fatales&nbsp;en menores de edad, pero corresponden a la frecuencia convencional de los \u00faltimos 7 o 14 a\u00f1os\u201d, explic\u00f3.<\/p>\n\n\n\n<p>En entrevista con \u201cExc\u00e9lsior\u00bb, L\u00f3pez-Gatell dijo que el caso del menor de tres a\u00f1os originario de Hidalgo y que muri\u00f3 en el hospital del IMSS en La Raza, Ciudad de M\u00e9xico. se apega a la definici\u00f3n que ha emitido la Organizaci\u00f3n Mundial de la Salud (OMS) para la hepatitis aguda infantil de origen desconocido&nbsp;de la cual ya se han reportado varios casos sospechosos en el mundo.<\/p>\n\n\n\n<p>Asegur\u00f3 que por el momento es el \u00fanico deceso en el pa\u00eds que est\u00e1&nbsp;relacionado con este brote, ya que otra defunci\u00f3n por hepatitis que se notific\u00f3 en Tamaulipas en abril qued\u00f3 descartado&nbsp;que fuera por esta enfermedad.<\/p>\n\n\n\n<p>\u201cEs la \u00fanica que formalmente cumple la definici\u00f3n de caso que es una persona menor de 16 a\u00f1os que tiene una enfermedad aguda del h\u00edgado que causa una enfermedad del aumento de las transaminasas, una de las sustancias que provienen del h\u00edgado y se miden en sangre por arriba de 500 unidades internacionales y en quien se ha descartado hepatitis virales A, B y C, D y E, as\u00ed como otros posibles virus que frecuentemente causan hepatitis\u201d, explic\u00f3.<\/p>\n\n\n\n<p>Mientras tanto, Puebla report\u00f3 ayer un caso sospechoso de hepatitis aguda infantil de origen desconocido en una menor de dos a\u00f1os, por lo que la muestra fue enviada al Instituto de Diagn\u00f3stico y Referencia Epidemiol\u00f3gicos (InDRE) en la Ciudad de M\u00e9xico para su an\u00e1lisis, inform\u00f3 el secretario de Salud del estado, Jos\u00e9 Antonio Mart\u00ednez Garc\u00eda.<\/p>\n\n\n\n<p>En conferencia de prensa, el funcionario indic\u00f3 que la ni\u00f1a se encuentra actualmente en casa debido a que presenta un caso leve de hepatitis.<\/p>\n\n\n\n<p>Te recomendamos: Confirman primera muerte en M\u00e9xico por hepatitis aguda infantil de origen desconocido<\/p>\n\n\n\n<p>Detall\u00f3 que tras realizar las pruebas para determinar la patolog\u00eda y tras la exclusi\u00f3n de las m\u00e1s comunes con los resultados negativos fue que determinaron enviar la muestra al InDRE para confirmar que se trata de esta enfermedad de causa a\u00fan no determinada.<\/p>\n\n\n\n<p>(Informaci\u00f3n de \u201cExc\u00e9lsior\u201d)<\/p>\n","protected":false},"excerpt":{"rendered":"<p>Redacci\u00f3n\/Zona Roja. Ciudad de M\u00e9xico, 21 de mayo de 2022.-&nbsp;En M\u00e9xico hay actualmente entre 25&hellip;<\/p>\n","protected":false},"author":2,"featured_media":41447,"comment_status":"closed","ping_status":"open","sticky":false,"template":"","format":"standard","meta":{"_lmt_disableupdate":"","_lmt_disable":"","_jetpack_memberships_contains_paid_content":false,"footnotes":""},"categories":[109,47],"tags":[3142],"class_list":["post-41445","post","type-post","status-publish","format-standard","has-post-thumbnail","hentry","category-minuto-a-minuto","category-zona-gris","tag-hepatitis-aguda-infantil"],"jetpack_featured_media_url":"https:\/\/zonaroja.com.mx\/wp-content\/uploads\/2022\/05\/Hepatitis-infantil-mexico.jpg","jetpack_sharing_enabled":true,"_links":{"self":[{"href":"https:\/\/zonaroja.com.mx\/index.php?rest_route=\/wp\/v2\/posts\/41445","targetHints":{"allow":["GET"]}}],"collection":[{"href":"https:\/\/zonaroja.com.mx\/index.php?rest_route=\/wp\/v2\/posts"}],"about":[{"href":"https:\/\/zonaroja.com.mx\/index.php?rest_route=\/wp\/v2\/types\/post"}],"author":[{"embeddable":true,"href":"https:\/\/zonaroja.com.mx\/index.php?rest_route=\/wp\/v2\/users\/2"}],"replies":[{"embeddable":true,"href":"https:\/\/zonaroja.com.mx\/index.php?rest_route=%2Fwp%2Fv2%2Fcomments&post=41445"}],"version-history":[{"count":1,"href":"https:\/\/zonaroja.com.mx\/index.php?rest_route=\/wp\/v2\/posts\/41445\/revisions"}],"predecessor-version":[{"id":41448,"href":"https:\/\/zonaroja.com.mx\/index.php?rest_route=\/wp\/v2\/posts\/41445\/revisions\/41448"}],"wp:featuredmedia":[{"embeddable":true,"href":"https:\/\/zonaroja.com.mx\/index.php?rest_route=\/wp\/v2\/media\/41447"}],"wp:attachment":[{"href":"https:\/\/zonaroja.com.mx\/index.php?rest_route=%2Fwp%2Fv2%2Fmedia&parent=41445"}],"wp:term":[{"taxonomy":"category","embeddable":true,"href":"https:\/\/zonaroja.com.mx\/index.php?rest_route=%2Fwp%2Fv2%2Fcategories&post=41445"},{"taxonomy":"post_tag","embeddable":true,"href":"https:\/\/zonaroja.com.mx\/index.php?rest_route=%2Fwp%2Fv2%2Ftags&post=41445"}],"curies":[{"name":"wp","href":"https:\/\/api.w.org\/{rel}","templated":true}]}}