{"id":41452,"date":"2022-05-21T10:59:00","date_gmt":"2022-05-21T15:59:00","guid":{"rendered":"http:\/\/www.zonaroja.com.mx\/?p=41452"},"modified":"2022-05-21T09:00:31","modified_gmt":"2022-05-21T14:00:31","slug":"afirma-aaa-que-luchara-para-que-las-familias-del-istmo-tengan-un-mejor-nivel-de-vida","status":"publish","type":"post","link":"https:\/\/zonaroja.com.mx\/?p=41452","title":{"rendered":"Afirma AAA que luchar\u00e1 para que las familias del Istmo tengan un mejor nivel de vida"},"content":{"rendered":"\n<p>Redacci\u00f3n\/Zona Roja.<\/p>\n\n\n\n<p>Oaxaca de Ju\u00e1rez, Oax. 21 de mayo de 2022.- \u201cVamos a luchar juntos por los sue\u00f1os de vida de todas y de todos, por un Oaxaca mejor, por un Istmo mejor; porque tengamos mejores familias, para que vivamos bien y en paz; para que nuestros hijos tengan mejor educaci\u00f3n y nuestros adultos mayores tengan un mejor nivel de vida\u201d, afirm\u00f3 el candidato com\u00fan del PRI-PRD, Alejandro Avil\u00e9s \u00c1lvarez, durante su visita a esta regi\u00f3n.&nbsp;<\/p>\n\n\n\n<p>Desde la ciudad de Mat\u00edas Romero Avenda\u00f1o, el \u201cTriple A\u201d destac\u00f3 que trabajar\u00e1 para todas y todos los oaxaque\u00f1os desde el primer d\u00eda de su gobierno, sin distingos ni preferencias, para que las mujeres y los hombres tengan las mismas condiciones para vivir en paz y con mejores oportunidades.&nbsp;<\/p>\n\n\n\n<p>Al conversar con militantes y activistas priistas, Alejandro Avil\u00e9s sostuvo que el sello de su administraci\u00f3n ser\u00e1 la inclusi\u00f3n de mujeres tanto en su gabinete, como en la ejecuci\u00f3n de programas y acciones, donde contar\u00e1n con el respaldo total del gobierno estatal.&nbsp;<\/p>\n\n\n\n<p>\u201cLas mujeres van a tener becas para sus hijas e hijos para que sigan estudiando, van a tener un subsidio del 30% que les vamos a dar desde el gobierno, para el pago de su recibo de luz, el gas y el internet; adem\u00e1s van a tener derecho para que sus hijos vayan a las instancias infantiles\u201d, subray\u00f3.\u00a0<\/p>\n\n\n\n<figure class=\"wp-block-embed is-type-rich is-provider-twitter wp-block-embed-twitter\"><div class=\"wp-block-embed__wrapper\">\n<div class=\"twitter-tweet\"><blockquote class=\"twitter-tweet\" data-lang=\"es\"><p lang=\"es\" dir=\"ltr\">y estoy convencido de que avanzamos juntos con convicci\u00f3n y amor a Oaxaca.<br>Este 5 de junio, vamos por <a href=\"https:\/\/twitter.com\/hashtag\/UnOaxacaChing%C3%B3n?src=hash&amp;ref_src=twsrc%5Etfw\">#UnOaxacaChing\u00f3n<\/a>. <a href=\"https:\/\/twitter.com\/hashtag\/ElTripleAGobernador?src=hash&amp;ref_src=twsrc%5Etfw\">#ElTripleAGobernador<\/a> (2\/2) <a href=\"https:\/\/t.co\/t2VxXBF5wB\">pic.twitter.com\/t2VxXBF5wB<\/a><\/p>&mdash; Alejandro Avil\u00e9s \u00c1lvarez (@_AvilesAlvarez) <a href=\"https:\/\/twitter.com\/_AvilesAlvarez\/status\/1527815291585056768?ref_src=twsrc%5Etfw\">21 de mayo de 2022<\/a><\/blockquote><\/div>\n<\/div><\/figure>\n\n\n\n<p>En los municipios de Juchit\u00e1n de Zaragoza y Salina Cruz, agreg\u00f3 que las mujeres recibir\u00e1n un seguro de desempleo de 3 mil pesos hasta por 3 meses, para posteriormente incorporarse a una vacante laboral con apoyo de capacitaciones y asesor\u00edas para mejorar sus condiciones laborales y econ\u00f3micas.&nbsp;<\/p>\n\n\n\n<p>\u201cCon el programa \u201cM\u00e9dico en tu Casa\u201d, las mujeres tendr\u00e1n atenci\u00f3n m\u00e9dica gratis y estudios de detecci\u00f3n de c\u00e1ncer de mama, servicios ginecol\u00f3gicos, medicina preventiva y atenci\u00f3n dental\u201d, explic\u00f3.&nbsp;<\/p>\n\n\n\n<p>Durante la gira de campa\u00f1a, el Triple A ponder\u00f3 que a partir del primer d\u00eda de su gobierno, las y los estudiantes, as\u00ed como los adultos mayores y las personas con discapacidad pagar\u00e1n una tarifa preferencial de 3 pesos en el transporte p\u00fablico, que coadyuve en la econom\u00eda familiar.&nbsp;<\/p>\n\n\n\n<p>\u201cTodas las familias del Istmo tendr\u00e1n mi apoyo y trabajar\u00e9 todos los d\u00edas para que salgamos adelante con una vida digna y con mejores oportunidades\u201d, a\u00f1adi\u00f3.<\/p>\n","protected":false},"excerpt":{"rendered":"<p>Redacci\u00f3n\/Zona Roja. Oaxaca de Ju\u00e1rez, Oax. 21 de mayo de 2022.- \u201cVamos a luchar juntos&hellip;<\/p>\n","protected":false},"author":2,"featured_media":41453,"comment_status":"closed","ping_status":"open","sticky":false,"template":"","format":"standard","meta":{"_lmt_disableupdate":"","_lmt_disable":"","_jetpack_memberships_contains_paid_content":false,"footnotes":""},"categories":[109,46],"tags":[316],"class_list":["post-41452","post","type-post","status-publish","format-standard","has-post-thumbnail","hentry","category-minuto-a-minuto","category-zona-blanca","tag-alejandro-aviles-alvarez"],"jetpack_featured_media_url":"https:\/\/zonaroja.com.mx\/wp-content\/uploads\/2022\/05\/Alejandro-Aviles-Salina-Cruz-Istmo.jpeg","jetpack_sharing_enabled":true,"_links":{"self":[{"href":"https:\/\/zonaroja.com.mx\/index.php?rest_route=\/wp\/v2\/posts\/41452","targetHints":{"allow":["GET"]}}],"collection":[{"href":"https:\/\/zonaroja.com.mx\/index.php?rest_route=\/wp\/v2\/posts"}],"about":[{"href":"https:\/\/zonaroja.com.mx\/index.php?rest_route=\/wp\/v2\/types\/post"}],"author":[{"embeddable":true,"href":"https:\/\/zonaroja.com.mx\/index.php?rest_route=\/wp\/v2\/users\/2"}],"replies":[{"embeddable":true,"href":"https:\/\/zonaroja.com.mx\/index.php?rest_route=%2Fwp%2Fv2%2Fcomments&post=41452"}],"version-history":[{"count":1,"href":"https:\/\/zonaroja.com.mx\/index.php?rest_route=\/wp\/v2\/posts\/41452\/revisions"}],"predecessor-version":[{"id":41454,"href":"https:\/\/zonaroja.com.mx\/index.php?rest_route=\/wp\/v2\/posts\/41452\/revisions\/41454"}],"wp:featuredmedia":[{"embeddable":true,"href":"https:\/\/zonaroja.com.mx\/index.php?rest_route=\/wp\/v2\/media\/41453"}],"wp:attachment":[{"href":"https:\/\/zonaroja.com.mx\/index.php?rest_route=%2Fwp%2Fv2%2Fmedia&parent=41452"}],"wp:term":[{"taxonomy":"category","embeddable":true,"href":"https:\/\/zonaroja.com.mx\/index.php?rest_route=%2Fwp%2Fv2%2Fcategories&post=41452"},{"taxonomy":"post_tag","embeddable":true,"href":"https:\/\/zonaroja.com.mx\/index.php?rest_route=%2Fwp%2Fv2%2Ftags&post=41452"}],"curies":[{"name":"wp","href":"https:\/\/api.w.org\/{rel}","templated":true}]}}