{"id":41457,"date":"2022-05-21T17:27:02","date_gmt":"2022-05-21T22:27:02","guid":{"rendered":"http:\/\/www.zonaroja.com.mx\/?p=41457"},"modified":"2022-05-21T17:27:04","modified_gmt":"2022-05-21T22:27:04","slug":"otra-retencion-de-edil-por-no-entregar-recursos-ahora-en-san-juan-guavicovi","status":"publish","type":"post","link":"https:\/\/zonaroja.com.mx\/?p=41457","title":{"rendered":"Otra retenci\u00f3n de edil por no entregar recursos, ahora en San Juan Guavicovi"},"content":{"rendered":"\n<p>Yuridiana Sosa\/ Zona Roja.<\/p>\n\n\n\n<p>Oaxaca de Ju\u00e1rez, Oax., 21 de mayo de 2022.- La exigencia de la entrega de recursos p\u00fablicos a agencias municipales en Oaxaca, por omisi\u00f3n, registr\u00f3 una nueva v\u00edctima a actos de retenci\u00f3n de comunidades.<\/p>\n\n\n\n<p>Mientras que la autoridad estatal es omisa en la revisi\u00f3n del cumplimiento de las leyes para que las comunidades obtengan sus recursos, este viernes el presidente de San Juan Guichicovi, en la regi\u00f3n del Istmo, Heriberto Luis Zacar\u00edas, fue retenido por pobladores por negarse a entregarles recursos del Ramo 33 y 28.<\/p>\n\n\n\n<p>Por varias horas, habitantes de Boca del Monte y Ejido La Revoluci\u00f3n privaron de su libertad al edil para obligarlo a escuchar sus demandas y ser beneficiados con los recursos para obras en sus comunidades.<\/p>\n\n\n\n<p>De acuerdo a un video de la reuni\u00f3n, los pobladores reclamaron que para la apertura del camino cosechero en Ejido La Revoluci\u00f3n la comunidad coopera de forma frecuente, aportando entre 500 y mil pesos, mientras que la autoridad municipal siempre excusa que no hay maquinaria ni recursos para ese trabajo.<\/p>\n\n\n\n<p>La retenci\u00f3n se registr\u00f3 tras diversas solicitudes de las comunidades a una mesa de di\u00e1logo con el presidente municipal, los cuales fueron ignorados. Uno de estos oficios es desde el 5 de mayo, a trav\u00e9s del cual las autoridades de polic\u00eda y comit\u00e9s escolares de las comunidades ind\u00edgenas campesinas de Boca del Monte y Ejido La Revoluci\u00f3n pidieron una audiencia.<\/p>\n\n\n\n<p>El edil fue liberado la madrugada de este s\u00e1bado luego de mantener un di\u00e1logo obligado con representantes de la poblaci\u00f3n afectada.<\/p>\n\n\n\n<figure class=\"wp-block-embed is-type-rich is-provider-twitter wp-block-embed-twitter\"><div class=\"wp-block-embed__wrapper\">\n<div class=\"twitter-tweet\"><blockquote class=\"twitter-tweet\" data-lang=\"es\"><p lang=\"es\" dir=\"ltr\"><a href=\"https:\/\/twitter.com\/hashtag\/%C3%9AltimoMinuto?src=hash&amp;ref_src=twsrc%5Etfw\">#\u00daltimoMinuto<\/a><br>\u00a1Otra vez!<br>Pobladores de la comunidad Boca del Monte retienen al edil de San Juan Guichicovi, Heriberto Luis Zacar\u00edas, por negarse a entregarles recursos. <br>Y ocho d\u00edas despu\u00e9s a\u00fan no se resuelve del todo el conflicto en San Juan Mazatl\u00e1n Mixe. <br>\u00bfY la <a href=\"https:\/\/twitter.com\/SEGEGO_GobOax?ref_src=twsrc%5Etfw\">@SEGEGO_GobOax<\/a>? <a href=\"https:\/\/t.co\/tJt9cA9qZS\">pic.twitter.com\/tJt9cA9qZS<\/a><\/p>&mdash; Zona Roja Oaxaca (@ZonaRoja_Oaxaca) <a href=\"https:\/\/twitter.com\/ZonaRoja_Oaxaca\/status\/1528026850097864705?ref_src=twsrc%5Etfw\">21 de mayo de 2022<\/a><\/blockquote><\/div>\n<\/div><\/figure>\n\n\n\n<p>OTROS ACTOS SIMILARES<\/p>\n\n\n\n<p>En San Juan Guichicovi se han registrado otros actos relacionados a la retenci\u00f3n de personas para exigir soluci\u00f3n a sus problemas.<\/p>\n\n\n\n<p>En noviembre de 2020, la comunidad de Ejido La Revoluci\u00f3n tambi\u00e9n efectu\u00f3 una retenci\u00f3n, pero contra un ciudadano se\u00f1alado por ser el responsable de la muerte de un menor en un accidente vial.<\/p>\n\n\n\n<p>Trabajadores de la Comisi\u00f3n Federal de Electricidad (CFE) fueron v\u00edctimas en septiembre de 2019 de una retenci\u00f3n en este municipio por las constantes fallas en la energ\u00eda el\u00e9ctrica, sufriendo sin el servicio de forma frecuente.<\/p>\n\n\n\n<p>Mientras que en 2018 pobladores de la agencia de Mogo\u00f1\u00e9 Viejo, damnificados de los sismos, privaron de la libertad por varias horas al personal de la Sedatu y del gobierno municipal por negarse a censar sus viviendas.<\/p>\n\n\n\n<p>En tanto que en el&nbsp; \u00faltimo&nbsp; a\u00f1o diversas comunidades de San Juan Guichicovi se han manifestado contra el proyecto Trans\u00edstmico, realizando bloqueos a las v\u00edas del ferrocarril, por se\u00f1alar diversas irregularidades y afectaciones.&nbsp;<\/p>\n","protected":false},"excerpt":{"rendered":"<p>Yuridiana Sosa\/ Zona Roja. Oaxaca de Ju\u00e1rez, Oax., 21 de mayo de 2022.- La exigencia&hellip;<\/p>\n","protected":false},"author":2,"featured_media":41458,"comment_status":"closed","ping_status":"open","sticky":false,"template":"","format":"standard","meta":{"_lmt_disableupdate":"","_lmt_disable":"","_jetpack_memberships_contains_paid_content":false,"footnotes":""},"categories":[109,47],"tags":[699],"class_list":["post-41457","post","type-post","status-publish","format-standard","has-post-thumbnail","hentry","category-minuto-a-minuto","category-zona-gris","tag-san-juan-guichicovi"],"jetpack_featured_media_url":"https:\/\/zonaroja.com.mx\/wp-content\/uploads\/2022\/05\/Retencion-San-Juan-Guichicovi.jpg","jetpack_sharing_enabled":true,"_links":{"self":[{"href":"https:\/\/zonaroja.com.mx\/index.php?rest_route=\/wp\/v2\/posts\/41457","targetHints":{"allow":["GET"]}}],"collection":[{"href":"https:\/\/zonaroja.com.mx\/index.php?rest_route=\/wp\/v2\/posts"}],"about":[{"href":"https:\/\/zonaroja.com.mx\/index.php?rest_route=\/wp\/v2\/types\/post"}],"author":[{"embeddable":true,"href":"https:\/\/zonaroja.com.mx\/index.php?rest_route=\/wp\/v2\/users\/2"}],"replies":[{"embeddable":true,"href":"https:\/\/zonaroja.com.mx\/index.php?rest_route=%2Fwp%2Fv2%2Fcomments&post=41457"}],"version-history":[{"count":1,"href":"https:\/\/zonaroja.com.mx\/index.php?rest_route=\/wp\/v2\/posts\/41457\/revisions"}],"predecessor-version":[{"id":41459,"href":"https:\/\/zonaroja.com.mx\/index.php?rest_route=\/wp\/v2\/posts\/41457\/revisions\/41459"}],"wp:featuredmedia":[{"embeddable":true,"href":"https:\/\/zonaroja.com.mx\/index.php?rest_route=\/wp\/v2\/media\/41458"}],"wp:attachment":[{"href":"https:\/\/zonaroja.com.mx\/index.php?rest_route=%2Fwp%2Fv2%2Fmedia&parent=41457"}],"wp:term":[{"taxonomy":"category","embeddable":true,"href":"https:\/\/zonaroja.com.mx\/index.php?rest_route=%2Fwp%2Fv2%2Fcategories&post=41457"},{"taxonomy":"post_tag","embeddable":true,"href":"https:\/\/zonaroja.com.mx\/index.php?rest_route=%2Fwp%2Fv2%2Ftags&post=41457"}],"curies":[{"name":"wp","href":"https:\/\/api.w.org\/{rel}","templated":true}]}}