{"id":41460,"date":"2022-05-21T17:35:59","date_gmt":"2022-05-21T22:35:59","guid":{"rendered":"http:\/\/www.zonaroja.com.mx\/?p=41460"},"modified":"2022-05-21T17:36:01","modified_gmt":"2022-05-21T22:36:01","slug":"no-hay-que-hacerse-a-un-lado-senala-jara-sobre-demandas-en-comunidades","status":"publish","type":"post","link":"https:\/\/zonaroja.com.mx\/?p=41460","title":{"rendered":"\u201cNo hay que hacerse a un lado\u201d, se\u00f1ala Jara, sobre demandas en comunidades"},"content":{"rendered":"\n<p>Yuridiana Sosa\/Zona Roja<\/p>\n\n\n\n<p>Oaxaca de Ju\u00e1rez, Oax., 21 de mayo de 2022.- Ante una serie de manifestaciones desde las comunidades originarias de Oaxaca, el candidato a gobernador del estado por Morena, Salom\u00f3n Jara Cruz, se\u00f1al\u00f3 que aplicar\u00e1 una pol\u00edtica de atenci\u00f3n oportuna para resolver sus demandas.<\/p>\n\n\n\n<p>\u201cHay que resolver los problemas, no hay que hacerse a un lado\u201d, manifest\u00f3 respecto al conflicto m\u00e1s reciente en San Juan Mazatl\u00e1n Mixe, del cual la Secretar\u00eda General de Gobierno expres\u00f3 en diversas ocasiones que era responsabilidad interna -municipal- atender la exigencia de recursos p\u00fablicos no otorgados por varios a\u00f1os.<\/p>\n\n\n\n<p>Jara Cruz manifest\u00f3 que debido a su origen pol\u00edtico, conoce la naturaleza de los movimientos sociales y entiende las razones de \u00e9stas, muchas de esas iniciadas a partir de no ser escuchados los problemas y demandas de la sociedad.<\/p>\n\n\n\n<p>\u201cSi una comunidad no es atendida, hay molestia. Hay que escucharlos, hay que sentarse con ellos\u201d, agreg\u00f3 en entrevista colectiva desde el Aeropuerto Internacional \u201cBenito Ju\u00e1rez\u201d en Oaxaca, previos al recibimiento de la Jefa de gobierno de la Ciudad de M\u00e9xico, Claudia Sheinbaum.<\/p>\n\n\n\n<p>CAMPA\u00d1AS SUCIAS<\/p>\n\n\n\n<p>Ante los medios, tambi\u00e9n abord\u00f3 sobre una aparente campa\u00f1a sucia al final de las campa\u00f1as electorales rumbo al 5 de junio por parte de los de \u201cenfrente\u201d.<\/p>\n\n\n\n<p>Este viernes circul\u00f3 una lista ap\u00f3crifa de supuestos nombramientos para el gabinete de Jara Cruz, de la cual manifest\u00f3 se trata de una campa\u00f1a sucia de \u201clos de enfrente\u201d, pues dijo, est\u00e1n nerviosos.<\/p>\n\n\n\n<figure class=\"wp-block-embed is-type-rich is-provider-twitter wp-block-embed-twitter\"><div class=\"wp-block-embed__wrapper\">\n<div class=\"twitter-tweet\"><blockquote class=\"twitter-tweet\" data-lang=\"es\"><p lang=\"es\" dir=\"ltr\"><a href=\"https:\/\/twitter.com\/hashtag\/EleccionesOaxaca2022?src=hash&amp;ref_src=twsrc%5Etfw\">#EleccionesOaxaca2022<\/a> <br>\u00c9ste parte del mensaje que dirige la Jefa de Gobierno de la Ciudad de M\u00e9xico, Claudia Sheinbaum (<a href=\"https:\/\/twitter.com\/Claudiashein?ref_src=twsrc%5Etfw\">@Claudiashein<\/a>), ante el magisterio en la capital oaxaque\u00f1a, quienes respaldan la candidatura del <a href=\"https:\/\/twitter.com\/salomonj?ref_src=twsrc%5Etfw\">@salomonj<\/a>. <a href=\"https:\/\/t.co\/BXnOOIOLxz\">pic.twitter.com\/BXnOOIOLxz<\/a><\/p>&mdash; Zona Roja Oaxaca (@ZonaRoja_Oaxaca) <a href=\"https:\/\/twitter.com\/ZonaRoja_Oaxaca\/status\/1528071130082312192?ref_src=twsrc%5Etfw\">21 de mayo de 2022<\/a><\/blockquote><\/div>\n<\/div><\/figure>\n\n\n\n<p>\u201cHay muchos nervios, los de enfrente est\u00e1n muy nerviosos, del PRIAN y hasta la se\u00f1ora de azul y se volvi\u00f3 de color naranja. Est\u00e1n muy nerviosos\u201d, asever\u00f3.<\/p>\n\n\n\n<p>En tanto, afirm\u00f3, que en Morena hay unidad para su proyecto, sobre todo ante la suma de actores pol\u00edticos que defendieron la postulaci\u00f3n de la senadora Susana Harp.<\/p>\n\n\n\n<p>MAESTROS EN LA TRANSFORMACI\u00d3N<\/p>\n\n\n\n<p>Durante el mitin del encuentro entre el magisterio de Oaxaca con el candidato Salom\u00f3n Jara, la Jefa de gobierno de la Ciudad M\u00e9xico, Claudia Sheinbaum, en la Plaza de la Danza de la capital del estado, ambos reconocieron y ensalzaron la lucha del magisterio en la transformaci\u00f3n pol\u00edtica de M\u00e9xico a lo largo de su historia.<\/p>\n\n\n\n<p>La invitada a este encuentro, Claudia Sheinbau, expres\u00f3 su benepl\u00e1cito por estar \u201ccon el ejemplo del magisterio, del que han dado la vida por su estado y por nuestro pa\u00eds\u201d, a quien llam\u00f3 a seguir apoyando la transformaci\u00f3n de M\u00e9xico desde Oaxaca.<\/p>\n\n\n\n<p>\u201cHoy estamos viviendo tiempos extraordinarios en M\u00e9xico, de la mano de un hombre que sigue recorriendo M\u00e9xico. Dicen que no lo podemos decir su nombre, pero yo lo voy a decir, es Andr\u00e9s Manuel L\u00f3pez Obrador, porque es un hombre que se comprometi\u00f3 con su pueblo, con los m\u00e1s necesitados y no los ha traicionado\u201d, asever\u00f3 y agreg\u00f3 que as\u00ed ocurrir\u00e1 con Jara.<\/p>\n\n\n\n<p>Por su parte, Jara Cruz apunt\u00f3 que los maestros han sido actores principales de la lucha de miles de oaxaque\u00f1os y con quienes en alg\u00fan momento en busca de la justicia social se han encontrado y coincidido.<\/p>\n\n\n\n<p>\u201cSomos hermanos de causas, aunque nuestro origen sea distinto\u201d, apunt\u00f3.<\/p>\n\n\n\n<p>Horas antes, en entrevista, aclar\u00f3 que el encuentro ser\u00eda personal con maestros y maestros, sin representaciones sindicales.<\/p>\n","protected":false},"excerpt":{"rendered":"<p>Yuridiana Sosa\/Zona Roja Oaxaca de Ju\u00e1rez, Oax., 21 de mayo de 2022.- Ante una serie&hellip;<\/p>\n","protected":false},"author":2,"featured_media":41461,"comment_status":"closed","ping_status":"open","sticky":false,"template":"","format":"standard","meta":{"_lmt_disableupdate":"","_lmt_disable":"","_jetpack_memberships_contains_paid_content":false,"footnotes":""},"categories":[109,46],"tags":[939],"class_list":["post-41460","post","type-post","status-publish","format-standard","has-post-thumbnail","hentry","category-minuto-a-minuto","category-zona-blanca","tag-salomon-jara-cruz"],"jetpack_featured_media_url":"https:\/\/zonaroja.com.mx\/wp-content\/uploads\/2022\/05\/Salomon-Jara-y-Sheibaum.jpeg","jetpack_sharing_enabled":true,"_links":{"self":[{"href":"https:\/\/zonaroja.com.mx\/index.php?rest_route=\/wp\/v2\/posts\/41460","targetHints":{"allow":["GET"]}}],"collection":[{"href":"https:\/\/zonaroja.com.mx\/index.php?rest_route=\/wp\/v2\/posts"}],"about":[{"href":"https:\/\/zonaroja.com.mx\/index.php?rest_route=\/wp\/v2\/types\/post"}],"author":[{"embeddable":true,"href":"https:\/\/zonaroja.com.mx\/index.php?rest_route=\/wp\/v2\/users\/2"}],"replies":[{"embeddable":true,"href":"https:\/\/zonaroja.com.mx\/index.php?rest_route=%2Fwp%2Fv2%2Fcomments&post=41460"}],"version-history":[{"count":1,"href":"https:\/\/zonaroja.com.mx\/index.php?rest_route=\/wp\/v2\/posts\/41460\/revisions"}],"predecessor-version":[{"id":41462,"href":"https:\/\/zonaroja.com.mx\/index.php?rest_route=\/wp\/v2\/posts\/41460\/revisions\/41462"}],"wp:featuredmedia":[{"embeddable":true,"href":"https:\/\/zonaroja.com.mx\/index.php?rest_route=\/wp\/v2\/media\/41461"}],"wp:attachment":[{"href":"https:\/\/zonaroja.com.mx\/index.php?rest_route=%2Fwp%2Fv2%2Fmedia&parent=41460"}],"wp:term":[{"taxonomy":"category","embeddable":true,"href":"https:\/\/zonaroja.com.mx\/index.php?rest_route=%2Fwp%2Fv2%2Fcategories&post=41460"},{"taxonomy":"post_tag","embeddable":true,"href":"https:\/\/zonaroja.com.mx\/index.php?rest_route=%2Fwp%2Fv2%2Ftags&post=41460"}],"curies":[{"name":"wp","href":"https:\/\/api.w.org\/{rel}","templated":true}]}}