{"id":41463,"date":"2022-05-21T17:50:26","date_gmt":"2022-05-21T22:50:26","guid":{"rendered":"http:\/\/www.zonaroja.com.mx\/?p=41463"},"modified":"2022-05-21T17:50:27","modified_gmt":"2022-05-21T22:50:27","slug":"oaxaca-recibe-a-sheinbaum-a-grito-de-presidenta-presidenta","status":"publish","type":"post","link":"https:\/\/zonaroja.com.mx\/?p=41463","title":{"rendered":"Oaxaca recibe a Sheinbaum a grito de \u201c\u00a1Presidenta! \u00a1Presidenta!\u201d"},"content":{"rendered":"\n<p>Yuridiana Sosa\/Zona Roja<\/p>\n\n\n\n<p>Oaxaca de Ju\u00e1rez, Oax., 21 de mayo de 2022.- La Jefa de Gobierno de la Ciudad de M\u00e9xico, Claudia Sheinbaum Pardo, lleg\u00f3 a Oaxaca para respaldar a Salom\u00f3n Jara Cruz en su aspiraci\u00f3n a la gubernatura de esta entidad.<\/p>\n\n\n\n<p>La morenista fue recibida al grito de \u201c\u00a1Presidenta! \u00a1Presidenta! \u00a1Presidenta!\u201d, por parte de decenas de simpatizantes que se reunieron en el Aeropuerto Internacional \u201cBenito Ju\u00e1rez\u201d, en Santa Cruz Xoxocotl\u00e1n, entre los que estuvieron presentes diputados, diputadas, ediles y presidentas municipales en Oaxaca.<\/p>\n\n\n\n<p>Con sonrisa amplia, acompa\u00f1ada por el candidato de Morena en Oaxaca, ataviada en una blusa negra con estampado de flores de la regi\u00f3n del Istmo de Tehuantepec, y pantal\u00f3n de mezclilla, la Jefa del Gobierno capitalino recorri\u00f3 el pasillo de salida del aeropuerto, del que poco a poco le fue dif\u00edcil caminar entre el c\u00edrculo que formaron los pol\u00edticos morenitos para tomarse una foto con ella, y por la prensa.<\/p>\n\n\n\n<p>\u201c\u00a1Claudia, amiga, Oaxaca te encamina!\u201d, gritaron desde el acceso el tumulto de hombre y mujeres que esperaban la salida de Sheinbaum Pardo, luego que desde la presidencia de M\u00e9xico se ha destapado su perfil para las elecciones presidenciales del 2024.<\/p>\n\n\n\n<p>Sobre estas aspiraciones y el inicio de la construcci\u00f3n de un camino hacia la silla presidencial, Claudia Sheinbaum evit\u00f3 hablar y reiter\u00f3 que su visita se debe para demostrar su apoyo a Salom\u00f3n Jara, de quien se refiri\u00f3 como el \u201cpr\u00f3ximo gobernador\u201d.<\/p>\n\n\n\n<p>En entrevista colectiva, reconoci\u00f3 a Jara Cruz su trayectoria como parte de la transformaci\u00f3n en M\u00e9xico, por lo que su gobierno ser\u00e1 una continuidad al trabajo que se empez\u00f3 desde hace muchos a\u00f1os, hoy consolidado en la Presidencia de la Rep\u00fablica con Andr\u00e9s Manuel L\u00f3pez Obrador.<\/p>\n\n\n\n<p>Tambi\u00e9n reafirm\u00f3 el amor que el Presidente L\u00f3pez Obrador tiene por Oaxaca, en donde no s\u00f3lo se impulsa el corredor trans\u00edstmico, sino para las comunidades se realizan gestiones importantes.<\/p>\n\n\n\n<p>\u201cOaxaca es capital cultural\u201d, destac\u00f3 la jefa del Gobierno de la Ciudad de M\u00e9xico, quien se reuni\u00f3 de forma inmediata, acompa\u00f1ado de&nbsp;Salom\u00f3n Jara, con el magisterio de Oaxaca en un encuentro masivo en Plaza de la Danza.<\/p>\n","protected":false},"excerpt":{"rendered":"<p>Yuridiana Sosa\/Zona Roja Oaxaca de Ju\u00e1rez, Oax., 21 de mayo de 2022.- La Jefa de&hellip;<\/p>\n","protected":false},"author":2,"featured_media":41464,"comment_status":"closed","ping_status":"open","sticky":false,"template":"","format":"standard","meta":{"_lmt_disableupdate":"","_lmt_disable":"","_jetpack_memberships_contains_paid_content":false,"footnotes":""},"categories":[109,46],"tags":[],"class_list":["post-41463","post","type-post","status-publish","format-standard","has-post-thumbnail","hentry","category-minuto-a-minuto","category-zona-blanca"],"jetpack_featured_media_url":"https:\/\/zonaroja.com.mx\/wp-content\/uploads\/2022\/05\/Claudia-Sheinbaum-y-Salomon-jara.jpeg","jetpack_sharing_enabled":true,"_links":{"self":[{"href":"https:\/\/zonaroja.com.mx\/index.php?rest_route=\/wp\/v2\/posts\/41463","targetHints":{"allow":["GET"]}}],"collection":[{"href":"https:\/\/zonaroja.com.mx\/index.php?rest_route=\/wp\/v2\/posts"}],"about":[{"href":"https:\/\/zonaroja.com.mx\/index.php?rest_route=\/wp\/v2\/types\/post"}],"author":[{"embeddable":true,"href":"https:\/\/zonaroja.com.mx\/index.php?rest_route=\/wp\/v2\/users\/2"}],"replies":[{"embeddable":true,"href":"https:\/\/zonaroja.com.mx\/index.php?rest_route=%2Fwp%2Fv2%2Fcomments&post=41463"}],"version-history":[{"count":1,"href":"https:\/\/zonaroja.com.mx\/index.php?rest_route=\/wp\/v2\/posts\/41463\/revisions"}],"predecessor-version":[{"id":41465,"href":"https:\/\/zonaroja.com.mx\/index.php?rest_route=\/wp\/v2\/posts\/41463\/revisions\/41465"}],"wp:featuredmedia":[{"embeddable":true,"href":"https:\/\/zonaroja.com.mx\/index.php?rest_route=\/wp\/v2\/media\/41464"}],"wp:attachment":[{"href":"https:\/\/zonaroja.com.mx\/index.php?rest_route=%2Fwp%2Fv2%2Fmedia&parent=41463"}],"wp:term":[{"taxonomy":"category","embeddable":true,"href":"https:\/\/zonaroja.com.mx\/index.php?rest_route=%2Fwp%2Fv2%2Fcategories&post=41463"},{"taxonomy":"post_tag","embeddable":true,"href":"https:\/\/zonaroja.com.mx\/index.php?rest_route=%2Fwp%2Fv2%2Ftags&post=41463"}],"curies":[{"name":"wp","href":"https:\/\/api.w.org\/{rel}","templated":true}]}}