{"id":41466,"date":"2022-05-21T17:58:13","date_gmt":"2022-05-21T22:58:13","guid":{"rendered":"http:\/\/www.zonaroja.com.mx\/?p=41466"},"modified":"2022-05-21T17:58:14","modified_gmt":"2022-05-21T22:58:14","slug":"suman-dos-personas-fallecidas-por-incendio-de-vivienda-en-oaxaca","status":"publish","type":"post","link":"https:\/\/zonaroja.com.mx\/?p=41466","title":{"rendered":"Suman dos personas fallecidas por incendio de vivienda en Oaxaca"},"content":{"rendered":"\n<p>Redacci\u00f3n\/Zona Roja.<\/p>\n\n\n\n<p>Oaxaca de Ju\u00e1rez, Oax., 21 de mayo de 2022.- A dos ascendi\u00f3 el n\u00famero de personas calcinadas, entre ellas un menor de edad, a causa del incendio de una vivienda en la zona metropolitana de la ciudad de Oaxaca.<\/p>\n\n\n\n<p>Fue alrededor de las 03:00 horas en que se registr\u00f3 el siniestro en una casa sencilla, en la calle Punta Vizcaya del fraccionamiento El Rosario, de San Sebasti\u00e1n Tutla.<\/p>\n\n\n\n<p>Personal del Heroico Cuerpo de Bomberos arrib\u00f3 al sitio y corrobor\u00f3 que un menor de edad, de aproximadamente cinco a\u00f1os de edad perdi\u00f3 la vida y cuatro m\u00e1s resultaron lesionados.<\/p>\n\n\n\n<p>Horas despu\u00e9s se confirm\u00f3 el deceso de una persona, mientras recib\u00eda atenci\u00f3n m\u00e9dica en un nosocomio de la capital oaxaque\u00f1a.<\/p>\n\n\n\n<p>Hasta el momento las v\u00edctimas no han sido identificadas y ni el Gobierno del Estado ni la autoridad municipal de San Sebasti\u00e1n Tutla han informado si apoyar\u00e1n a las v\u00edctimas, de escasos recursos econ\u00f3micos.<\/p>\n","protected":false},"excerpt":{"rendered":"<p>Redacci\u00f3n\/Zona Roja. Oaxaca de Ju\u00e1rez, Oax., 21 de mayo de 2022.- A dos ascendi\u00f3 el&hellip;<\/p>\n","protected":false},"author":2,"featured_media":41467,"comment_status":"closed","ping_status":"open","sticky":false,"template":"","format":"standard","meta":{"_lmt_disableupdate":"","_lmt_disable":"","_jetpack_memberships_contains_paid_content":false,"footnotes":""},"categories":[109,47],"tags":[],"class_list":["post-41466","post","type-post","status-publish","format-standard","has-post-thumbnail","hentry","category-minuto-a-minuto","category-zona-gris"],"jetpack_featured_media_url":"https:\/\/zonaroja.com.mx\/wp-content\/uploads\/2022\/05\/Incendio-vivienda-San-Sebastian-Tutla.jpeg","jetpack_sharing_enabled":true,"_links":{"self":[{"href":"https:\/\/zonaroja.com.mx\/index.php?rest_route=\/wp\/v2\/posts\/41466","targetHints":{"allow":["GET"]}}],"collection":[{"href":"https:\/\/zonaroja.com.mx\/index.php?rest_route=\/wp\/v2\/posts"}],"about":[{"href":"https:\/\/zonaroja.com.mx\/index.php?rest_route=\/wp\/v2\/types\/post"}],"author":[{"embeddable":true,"href":"https:\/\/zonaroja.com.mx\/index.php?rest_route=\/wp\/v2\/users\/2"}],"replies":[{"embeddable":true,"href":"https:\/\/zonaroja.com.mx\/index.php?rest_route=%2Fwp%2Fv2%2Fcomments&post=41466"}],"version-history":[{"count":1,"href":"https:\/\/zonaroja.com.mx\/index.php?rest_route=\/wp\/v2\/posts\/41466\/revisions"}],"predecessor-version":[{"id":41468,"href":"https:\/\/zonaroja.com.mx\/index.php?rest_route=\/wp\/v2\/posts\/41466\/revisions\/41468"}],"wp:featuredmedia":[{"embeddable":true,"href":"https:\/\/zonaroja.com.mx\/index.php?rest_route=\/wp\/v2\/media\/41467"}],"wp:attachment":[{"href":"https:\/\/zonaroja.com.mx\/index.php?rest_route=%2Fwp%2Fv2%2Fmedia&parent=41466"}],"wp:term":[{"taxonomy":"category","embeddable":true,"href":"https:\/\/zonaroja.com.mx\/index.php?rest_route=%2Fwp%2Fv2%2Fcategories&post=41466"},{"taxonomy":"post_tag","embeddable":true,"href":"https:\/\/zonaroja.com.mx\/index.php?rest_route=%2Fwp%2Fv2%2Ftags&post=41466"}],"curies":[{"name":"wp","href":"https:\/\/api.w.org\/{rel}","templated":true}]}}